{"id":10050,"date":"2020-11-23T14:26:01","date_gmt":"2020-11-23T12:26:01","guid":{"rendered":"http:\/\/www.jasiunupagrindine.salcininkai.lm.lt\/?p=10050"},"modified":"2020-11-23T21:13:17","modified_gmt":"2020-11-23T19:13:17","slug":"informacija-apie-nustatyta-koronoviruso-infekcijos-covid-19-atveji","status":"publish","type":"post","link":"http:\/\/www.jasiunupagrindine.salcininkai.lm.lt\/?p=10050","title":{"rendered":"Informacija apie nustatyt\u0105 koronoviruso infekcijos (COVID-19) atvej\u012f"},"content":{"rendered":"<div class=\"updateTime\">&nbsp;<\/div>\n<p><span style=\"color: #000000; font-size: 12pt;\"><strong>Informacija t\u0117vams<\/strong><\/span><\/p>\n<p><span style=\"color: #000000;\">Nacionalinio visuomen\u0117s sveikatos centro prie Sveikatos apsaugos ministerijos Vilniaus departamento \u0160al\u010dinink\u0173 skyrius informavo, kad 2020 m. lapkri\u010dio 22 d.&nbsp; \u0160al\u010dinink\u0173 r. Ja\u0161i\u016bn\u0173 pagrindin\u0117je mokykloje registruotas COVID-19 ligos atvejis.<\/span><\/p>\n<p><span style=\"color: #000000;\">Nuoroda \u012f administracijos direktoriaus \u012fsakym\u0105 d\u0117l nustatyto Covid-19 \u0160al\u010dinink\u0173 r. Ja\u0161i\u016bn\u0173 pagrindin\u0117je mokykloje.<\/span><\/p>\n<p><span style=\"color: #0000ff;\"><a style=\"color: #0000ff;\" href=\"http:\/\/aktai.salcininkai.lt\/document\/44277\">http:\/\/aktai.salcininkai.lt\/document\/44277<\/a><\/span><\/p>\n<p>&nbsp;<\/p>\n<p>&nbsp;<\/p>\n","protected":false},"excerpt":{"rendered":"<p>&nbsp; Informacija t\u0117vams Nacionalinio visuomen\u0117s sveikatos centro prie Sveikatos apsaugos ministerijos Vilniaus departamento \u0160al\u010dinink\u0173 skyrius informavo, kad 2020 m. lapkri\u010dio 22 d.&nbsp; \u0160al\u010dinink\u0173 r. Ja\u0161i\u016bn\u0173 pagrindin\u0117je mokykloje registruotas COVID-19 ligos atvejis. Nuoroda \u012f administracijos direktoriaus \u012fsakym\u0105 d\u0117l nustatyto Covid-19 \u0160al\u010dinink\u0173 &hellip; <a href=\"http:\/\/www.jasiunupagrindine.salcininkai.lm.lt\/?p=10050\">Skaitykite toliau <span class=\"meta-nav\">&rarr;<\/span><\/a><\/p>\n","protected":false},"author":4,"featured_media":0,"comment_status":"closed","ping_status":"closed","sticky":false,"template":"","format":"standard","meta":{"ngg_post_thumbnail":0,"footnotes":""},"categories":[1],"tags":[],"class_list":["post-10050","post","type-post","status-publish","format-standard","hentry","category-mes-ir-mokykla"],"_links":{"self":[{"href":"http:\/\/www.jasiunupagrindine.salcininkai.lm.lt\/index.php?rest_route=\/wp\/v2\/posts\/10050","targetHints":{"allow":["GET"]}}],"collection":[{"href":"http:\/\/www.jasiunupagrindine.salcininkai.lm.lt\/index.php?rest_route=\/wp\/v2\/posts"}],"about":[{"href":"http:\/\/www.jasiunupagrindine.salcininkai.lm.lt\/index.php?rest_route=\/wp\/v2\/types\/post"}],"author":[{"embeddable":true,"href":"http:\/\/www.jasiunupagrindine.salcininkai.lm.lt\/index.php?rest_route=\/wp\/v2\/users\/4"}],"replies":[{"embeddable":true,"href":"http:\/\/www.jasiunupagrindine.salcininkai.lm.lt\/index.php?rest_route=%2Fwp%2Fv2%2Fcomments&post=10050"}],"version-history":[{"count":5,"href":"http:\/\/www.jasiunupagrindine.salcininkai.lm.lt\/index.php?rest_route=\/wp\/v2\/posts\/10050\/revisions"}],"predecessor-version":[{"id":10054,"href":"http:\/\/www.jasiunupagrindine.salcininkai.lm.lt\/index.php?rest_route=\/wp\/v2\/posts\/10050\/revisions\/10054"}],"wp:attachment":[{"href":"http:\/\/www.jasiunupagrindine.salcininkai.lm.lt\/index.php?rest_route=%2Fwp%2Fv2%2Fmedia&parent=10050"}],"wp:term":[{"taxonomy":"category","embeddable":true,"href":"http:\/\/www.jasiunupagrindine.salcininkai.lm.lt\/index.php?rest_route=%2Fwp%2Fv2%2Fcategories&post=10050"},{"taxonomy":"post_tag","embeddable":true,"href":"http:\/\/www.jasiunupagrindine.salcininkai.lm.lt\/index.php?rest_route=%2Fwp%2Fv2%2Ftags&post=10050"}],"curies":[{"name":"wp","href":"https:\/\/api.w.org\/{rel}","templated":true}]}}