{"id":10139,"date":"2020-12-08T19:50:01","date_gmt":"2020-12-08T17:50:01","guid":{"rendered":"http:\/\/www.jasiunupagrindine.salcininkai.lm.lt\/?p=10139"},"modified":"2020-12-09T16:41:07","modified_gmt":"2020-12-09T14:41:07","slug":"10139","status":"publish","type":"post","link":"http:\/\/www.jasiunupagrindine.salcininkai.lm.lt\/?p=10139","title":{"rendered":""},"content":{"rendered":"<p style=\"text-align: center;\"><strong><span style=\"font-family: 'times new roman', times, serif; font-size: 12pt;\">D\u0116MESIO!<\/span><\/strong><\/p>\n<p style=\"text-align: justify;\"><strong><span style=\"font-family: 'times new roman', times, serif; font-size: 12pt;\">Mokiniams, besimokantiems pagal pradinio ugdymo program\u0105 (1-4 klas\u0117s), atostogos skelbiamos nuo 2020 m. gruod\u017eio 14 d. iki 2021 m. sausio 3 d.&nbsp;<a href=\"http:\/\/www.jasiunupagrindine.salcininkai.lm.lt\/wp-content\/uploads\/2020\/12\/Mokyklos-direktoriaus-\u012fsakymas.pdf\">Mokyklos direktoriaus \u012fsakymas<\/a>)<\/span><\/strong><\/p>\n<p style=\"text-align: justify;\"><strong><span style=\"font-family: 'times new roman', times, serif; font-size: 12pt;\">Ikimokyklinis, prie\u0161mokyklinis ugdymas vykdomi kontaktiniu b\u016bdu. <\/span><\/strong><\/p>\n<p style=\"text-align: justify;\"><strong><span style=\"font-family: 'times new roman', times, serif; font-size: 12pt;\">Ikimokyklinio, prie\u0161mokyklinio ugdymo&nbsp;programose rekomenduojama dalyvauti&nbsp;tik tiems vaikams, kuri\u0173 t\u0117vai (\u012ft\u0117viai, glob\u0117jai) neturi galimybi\u0173 dirbti nuotoliniu b\u016bdu.<\/span><\/strong><\/p>\n<p style=\"text-align: justify;\"><span style=\"color: #ff0000;\"><strong><span style=\"font-family: 'times new roman', times, serif; font-size: 12pt;\">5-10 klasi\u0173 ugdymas t\u0119siamas nuotoliniu b\u016bdu.<\/span><\/strong><\/span><\/p>\n","protected":false},"excerpt":{"rendered":"<p>D\u0116MESIO! Mokiniams, besimokantiems pagal pradinio ugdymo program\u0105 (1-4 klas\u0117s), atostogos skelbiamos nuo 2020 m. gruod\u017eio 14 d. iki 2021 m. sausio 3 d.&nbsp;Mokyklos direktoriaus \u012fsakymas) Ikimokyklinis, prie\u0161mokyklinis ugdymas vykdomi kontaktiniu b\u016bdu. Ikimokyklinio, prie\u0161mokyklinio ugdymo&nbsp;programose rekomenduojama dalyvauti&nbsp;tik tiems vaikams, kuri\u0173 t\u0117vai &hellip; <a href=\"http:\/\/www.jasiunupagrindine.salcininkai.lm.lt\/?p=10139\">Skaitykite toliau <span class=\"meta-nav\">&rarr;<\/span><\/a><\/p>\n","protected":false},"author":5,"featured_media":0,"comment_status":"closed","ping_status":"closed","sticky":false,"template":"","format":"standard","meta":{"ngg_post_thumbnail":0,"footnotes":""},"categories":[1],"tags":[],"class_list":["post-10139","post","type-post","status-publish","format-standard","hentry","category-mes-ir-mokykla"],"_links":{"self":[{"href":"http:\/\/www.jasiunupagrindine.salcininkai.lm.lt\/index.php?rest_route=\/wp\/v2\/posts\/10139","targetHints":{"allow":["GET"]}}],"collection":[{"href":"http:\/\/www.jasiunupagrindine.salcininkai.lm.lt\/index.php?rest_route=\/wp\/v2\/posts"}],"about":[{"href":"http:\/\/www.jasiunupagrindine.salcininkai.lm.lt\/index.php?rest_route=\/wp\/v2\/types\/post"}],"author":[{"embeddable":true,"href":"http:\/\/www.jasiunupagrindine.salcininkai.lm.lt\/index.php?rest_route=\/wp\/v2\/users\/5"}],"replies":[{"embeddable":true,"href":"http:\/\/www.jasiunupagrindine.salcininkai.lm.lt\/index.php?rest_route=%2Fwp%2Fv2%2Fcomments&post=10139"}],"version-history":[{"count":2,"href":"http:\/\/www.jasiunupagrindine.salcininkai.lm.lt\/index.php?rest_route=\/wp\/v2\/posts\/10139\/revisions"}],"predecessor-version":[{"id":10144,"href":"http:\/\/www.jasiunupagrindine.salcininkai.lm.lt\/index.php?rest_route=\/wp\/v2\/posts\/10139\/revisions\/10144"}],"wp:attachment":[{"href":"http:\/\/www.jasiunupagrindine.salcininkai.lm.lt\/index.php?rest_route=%2Fwp%2Fv2%2Fmedia&parent=10139"}],"wp:term":[{"taxonomy":"category","embeddable":true,"href":"http:\/\/www.jasiunupagrindine.salcininkai.lm.lt\/index.php?rest_route=%2Fwp%2Fv2%2Fcategories&post=10139"},{"taxonomy":"post_tag","embeddable":true,"href":"http:\/\/www.jasiunupagrindine.salcininkai.lm.lt\/index.php?rest_route=%2Fwp%2Fv2%2Ftags&post=10139"}],"curies":[{"name":"wp","href":"https:\/\/api.w.org\/{rel}","templated":true}]}}