{"id":10171,"date":"2020-12-12T11:56:19","date_gmt":"2020-12-12T09:56:19","guid":{"rendered":"http:\/\/www.jasiunupagrindine.salcininkai.lm.lt\/?p=10171"},"modified":"2020-12-12T11:56:19","modified_gmt":"2020-12-12T09:56:19","slug":"10171","status":"publish","type":"post","link":"http:\/\/www.jasiunupagrindine.salcininkai.lm.lt\/?p=10171","title":{"rendered":""},"content":{"rendered":"<p style=\"text-align: center;\"><strong><span style=\"font-family: 'times new roman', times, serif; font-size: 12pt;\">Kal\u0117din\u0117 paroda<\/span><\/strong><\/p>\n<p style=\"text-align: justify;\"><span style=\"font-family: 'times new roman', times, serif; font-size: 12pt;\">Viskas kei\u010diasi\u2026 Net ir \u017eiema nebe tokia, kaip \u012fprastai. Tik kalendoriaus lapelyje matyti, kad jau gruodis. Supantis mus \u0161urmulys primin\u0117, kad art\u0117ja did\u017eiosios met\u0173 \u0161vent\u0117s. Visi&nbsp; gyvenome \u0161ventine nuotaika, puo\u0161\u0117me klases ir eglutes, padabinome mokyklos langus.<\/span><\/p>\n<p><span style=\"font-family: 'times new roman', times, serif; font-size: 12pt;\">Pradini\u0173 klasi\u0173 mokytojos su mokiniais organizavo jau tradicija tapusia kal\u0117din\u0119 parod\u0105.&nbsp;<\/span><span style=\"font-family: 'times new roman', times, serif; font-size: 12pt;\">Pa\u010dios gra\u017eiausios akimirkos u\u017efiksuotos nuotraukose:<\/span><\/p>\nngg_shortcode_0_placeholder\n","protected":false},"excerpt":{"rendered":"<p>Kal\u0117din\u0117 paroda Viskas kei\u010diasi\u2026 Net ir \u017eiema nebe tokia, kaip \u012fprastai. Tik kalendoriaus lapelyje matyti, kad jau gruodis. Supantis mus \u0161urmulys primin\u0117, kad art\u0117ja did\u017eiosios met\u0173 \u0161vent\u0117s. Visi&nbsp; gyvenome \u0161ventine nuotaika, puo\u0161\u0117me klases ir eglutes, padabinome mokyklos langus. Pradini\u0173 klasi\u0173 &hellip; <a href=\"http:\/\/www.jasiunupagrindine.salcininkai.lm.lt\/?p=10171\">Skaitykite toliau <span class=\"meta-nav\">&rarr;<\/span><\/a><\/p>\n","protected":false},"author":5,"featured_media":0,"comment_status":"closed","ping_status":"closed","sticky":false,"template":"","format":"standard","meta":{"ngg_post_thumbnail":0,"footnotes":""},"categories":[1],"tags":[],"class_list":["post-10171","post","type-post","status-publish","format-standard","hentry","category-mes-ir-mokykla"],"_links":{"self":[{"href":"http:\/\/www.jasiunupagrindine.salcininkai.lm.lt\/index.php?rest_route=\/wp\/v2\/posts\/10171","targetHints":{"allow":["GET"]}}],"collection":[{"href":"http:\/\/www.jasiunupagrindine.salcininkai.lm.lt\/index.php?rest_route=\/wp\/v2\/posts"}],"about":[{"href":"http:\/\/www.jasiunupagrindine.salcininkai.lm.lt\/index.php?rest_route=\/wp\/v2\/types\/post"}],"author":[{"embeddable":true,"href":"http:\/\/www.jasiunupagrindine.salcininkai.lm.lt\/index.php?rest_route=\/wp\/v2\/users\/5"}],"replies":[{"embeddable":true,"href":"http:\/\/www.jasiunupagrindine.salcininkai.lm.lt\/index.php?rest_route=%2Fwp%2Fv2%2Fcomments&post=10171"}],"version-history":[{"count":2,"href":"http:\/\/www.jasiunupagrindine.salcininkai.lm.lt\/index.php?rest_route=\/wp\/v2\/posts\/10171\/revisions"}],"predecessor-version":[{"id":10195,"href":"http:\/\/www.jasiunupagrindine.salcininkai.lm.lt\/index.php?rest_route=\/wp\/v2\/posts\/10171\/revisions\/10195"}],"wp:attachment":[{"href":"http:\/\/www.jasiunupagrindine.salcininkai.lm.lt\/index.php?rest_route=%2Fwp%2Fv2%2Fmedia&parent=10171"}],"wp:term":[{"taxonomy":"category","embeddable":true,"href":"http:\/\/www.jasiunupagrindine.salcininkai.lm.lt\/index.php?rest_route=%2Fwp%2Fv2%2Fcategories&post=10171"},{"taxonomy":"post_tag","embeddable":true,"href":"http:\/\/www.jasiunupagrindine.salcininkai.lm.lt\/index.php?rest_route=%2Fwp%2Fv2%2Ftags&post=10171"}],"curies":[{"name":"wp","href":"https:\/\/api.w.org\/{rel}","templated":true}]}}