{"id":10208,"date":"2020-12-14T17:38:48","date_gmt":"2020-12-14T15:38:48","guid":{"rendered":"http:\/\/www.jasiunupagrindine.salcininkai.lm.lt\/?p=10208"},"modified":"2020-12-14T20:32:31","modified_gmt":"2020-12-14T18:32:31","slug":"10208","status":"publish","type":"post","link":"http:\/\/www.jasiunupagrindine.salcininkai.lm.lt\/?p=10208","title":{"rendered":""},"content":{"rendered":"<p style=\"text-align: center;\"><strong><span style=\"font-family: 'times new roman', times, serif; font-size: 12pt;\">Kal\u0117diniai sveikinimai<\/span><\/strong><\/p>\n<p style=\"text-align: justify;\"><span style=\"font-family: 'times new roman', times, serif; font-size: 12pt;\">Kiekvienais metais mokykloje prie\u0161 mokini\u0173 \u017eiemos atostogas vyksta jau tradiciniu tap\u0119s kal\u0117dinis karnavalas. Tai galimyb\u0117 pab\u016bti visiems drauge, atskleisti savo fantazij\u0105, realizuoti id\u0117jas, aktyviai ir k\u016brybi\u0161kai veikti.<\/span><\/p>\n<p style=\"text-align: justify;\"><span style=\"font-family: 'times new roman', times, serif; font-size: 12pt;\">Nors \u0161iais metais mokiniai nesusitiko su Kal\u0117d\u0173 Seneliu prie kal\u0117din\u0117s eglut\u0117s, jie neliko be dovan\u0173. Kal\u0117d\u0173 Senelis paliko dovanas po eglute! Mokiniai pasveikino vieni kitus eil\u0117ra\u0161\u010diais, dainomis, \u0161okiais, \u017eaidimais, vaidinimais klas\u0117se.<\/span>&nbsp;<\/p>\n<div style=\"width: 640px;\" class=\"wp-video\"><!--[if lt IE 9]><script>document.createElement('video');<\/script><![endif]-->\n<video class=\"wp-video-shortcode\" id=\"video-10208-1\" width=\"640\" height=\"640\" preload=\"metadata\" controls=\"controls\"><source type=\"video\/mp4\" src=\"http:\/\/www.jasiunupagrindine.salcininkai.lm.lt\/wp-content\/uploads\/2020\/12\/MovaviClips_Video_4.mp4?_=1\" \/><a href=\"http:\/\/www.jasiunupagrindine.salcininkai.lm.lt\/wp-content\/uploads\/2020\/12\/MovaviClips_Video_4.mp4\">http:\/\/www.jasiunupagrindine.salcininkai.lm.lt\/wp-content\/uploads\/2020\/12\/MovaviClips_Video_4.mp4<\/a><\/video><\/div>\n<div style=\"width: 640px;\" class=\"wp-video\"><video class=\"wp-video-shortcode\" id=\"video-10208-2\" width=\"640\" height=\"640\" preload=\"metadata\" controls=\"controls\"><source type=\"video\/mp4\" src=\"http:\/\/www.jasiunupagrindine.salcininkai.lm.lt\/wp-content\/uploads\/2020\/12\/MovaviClips_Video_3.mp4?_=2\" \/><a href=\"http:\/\/www.jasiunupagrindine.salcininkai.lm.lt\/wp-content\/uploads\/2020\/12\/MovaviClips_Video_3.mp4\">http:\/\/www.jasiunupagrindine.salcininkai.lm.lt\/wp-content\/uploads\/2020\/12\/MovaviClips_Video_3.mp4<\/a><\/video><\/div>\n<div style=\"width: 568px;\" class=\"wp-video\"><video class=\"wp-video-shortcode\" id=\"video-10208-3\" width=\"568\" height=\"320\" preload=\"metadata\" controls=\"controls\"><source type=\"video\/mp4\" src=\"http:\/\/www.jasiunupagrindine.salcininkai.lm.lt\/wp-content\/uploads\/2020\/12\/video-da7400ba33c39e8ec2a614fbabd07dc0-V.mp4?_=3\" \/><a href=\"http:\/\/www.jasiunupagrindine.salcininkai.lm.lt\/wp-content\/uploads\/2020\/12\/video-da7400ba33c39e8ec2a614fbabd07dc0-V.mp4\">http:\/\/www.jasiunupagrindine.salcininkai.lm.lt\/wp-content\/uploads\/2020\/12\/video-da7400ba33c39e8ec2a614fbabd07dc0-V.mp4<\/a><\/video><\/div>\n<div style=\"width: 568px;\" class=\"wp-video\"><video class=\"wp-video-shortcode\" id=\"video-10208-4\" width=\"568\" height=\"320\" preload=\"metadata\" controls=\"controls\"><source type=\"video\/mp4\" src=\"http:\/\/www.jasiunupagrindine.salcininkai.lm.lt\/wp-content\/uploads\/2020\/12\/video-6654ef66ff641c26dc20ab0744f04838-V.mp4?_=4\" \/><a href=\"http:\/\/www.jasiunupagrindine.salcininkai.lm.lt\/wp-content\/uploads\/2020\/12\/video-6654ef66ff641c26dc20ab0744f04838-V.mp4\">http:\/\/www.jasiunupagrindine.salcininkai.lm.lt\/wp-content\/uploads\/2020\/12\/video-6654ef66ff641c26dc20ab0744f04838-V.mp4<\/a><\/video><\/div>\n<div style=\"width: 640px;\" class=\"wp-video\"><video class=\"wp-video-shortcode\" id=\"video-10208-5\" width=\"640\" height=\"640\" preload=\"metadata\" controls=\"controls\"><source type=\"video\/mp4\" src=\"http:\/\/www.jasiunupagrindine.salcininkai.lm.lt\/wp-content\/uploads\/2020\/12\/MovaviClips_Video_6.mp4?_=5\" \/><a href=\"http:\/\/www.jasiunupagrindine.salcininkai.lm.lt\/wp-content\/uploads\/2020\/12\/MovaviClips_Video_6.mp4\">http:\/\/www.jasiunupagrindine.salcininkai.lm.lt\/wp-content\/uploads\/2020\/12\/MovaviClips_Video_6.mp4<\/a><\/video><\/div>\n<div style=\"width: 640px;\" class=\"wp-video\"><video class=\"wp-video-shortcode\" id=\"video-10208-6\" width=\"640\" height=\"640\" preload=\"metadata\" controls=\"controls\"><source type=\"video\/mp4\" src=\"http:\/\/www.jasiunupagrindine.salcininkai.lm.lt\/wp-content\/uploads\/2020\/12\/MovaviClips_Video_7.mp4?_=6\" \/><a href=\"http:\/\/www.jasiunupagrindine.salcininkai.lm.lt\/wp-content\/uploads\/2020\/12\/MovaviClips_Video_7.mp4\">http:\/\/www.jasiunupagrindine.salcininkai.lm.lt\/wp-content\/uploads\/2020\/12\/MovaviClips_Video_7.mp4<\/a><\/video><\/div>\n<div style=\"width: 640px;\" class=\"wp-video\"><video class=\"wp-video-shortcode\" id=\"video-10208-7\" width=\"640\" height=\"640\" preload=\"metadata\" controls=\"controls\"><source type=\"video\/mp4\" src=\"http:\/\/www.jasiunupagrindine.salcininkai.lm.lt\/wp-content\/uploads\/2020\/12\/MovaviClips_Video_5.mp4?_=7\" \/><a href=\"http:\/\/www.jasiunupagrindine.salcininkai.lm.lt\/wp-content\/uploads\/2020\/12\/MovaviClips_Video_5.mp4\">http:\/\/www.jasiunupagrindine.salcininkai.lm.lt\/wp-content\/uploads\/2020\/12\/MovaviClips_Video_5.mp4<\/a><\/video><\/div>\n<p>&nbsp;<\/p>\n<p>&nbsp;<\/p>\n","protected":false},"excerpt":{"rendered":"<p>Kal\u0117diniai sveikinimai Kiekvienais metais mokykloje prie\u0161 mokini\u0173 \u017eiemos atostogas vyksta jau tradiciniu tap\u0119s kal\u0117dinis karnavalas. Tai galimyb\u0117 pab\u016bti visiems drauge, atskleisti savo fantazij\u0105, realizuoti id\u0117jas, aktyviai ir k\u016brybi\u0161kai veikti. Nors \u0161iais metais mokiniai nesusitiko su Kal\u0117d\u0173 Seneliu prie kal\u0117din\u0117s eglut\u0117s, &hellip; <a href=\"http:\/\/www.jasiunupagrindine.salcininkai.lm.lt\/?p=10208\">Skaitykite toliau <span class=\"meta-nav\">&rarr;<\/span><\/a><\/p>\n","protected":false},"author":5,"featured_media":0,"comment_status":"closed","ping_status":"closed","sticky":false,"template":"","format":"standard","meta":{"ngg_post_thumbnail":0,"footnotes":""},"categories":[1],"tags":[],"class_list":["post-10208","post","type-post","status-publish","format-standard","hentry","category-mes-ir-mokykla"],"_links":{"self":[{"href":"http:\/\/www.jasiunupagrindine.salcininkai.lm.lt\/index.php?rest_route=\/wp\/v2\/posts\/10208","targetHints":{"allow":["GET"]}}],"collection":[{"href":"http:\/\/www.jasiunupagrindine.salcininkai.lm.lt\/index.php?rest_route=\/wp\/v2\/posts"}],"about":[{"href":"http:\/\/www.jasiunupagrindine.salcininkai.lm.lt\/index.php?rest_route=\/wp\/v2\/types\/post"}],"author":[{"embeddable":true,"href":"http:\/\/www.jasiunupagrindine.salcininkai.lm.lt\/index.php?rest_route=\/wp\/v2\/users\/5"}],"replies":[{"embeddable":true,"href":"http:\/\/www.jasiunupagrindine.salcininkai.lm.lt\/index.php?rest_route=%2Fwp%2Fv2%2Fcomments&post=10208"}],"version-history":[{"count":7,"href":"http:\/\/www.jasiunupagrindine.salcininkai.lm.lt\/index.php?rest_route=\/wp\/v2\/posts\/10208\/revisions"}],"predecessor-version":[{"id":10223,"href":"http:\/\/www.jasiunupagrindine.salcininkai.lm.lt\/index.php?rest_route=\/wp\/v2\/posts\/10208\/revisions\/10223"}],"wp:attachment":[{"href":"http:\/\/www.jasiunupagrindine.salcininkai.lm.lt\/index.php?rest_route=%2Fwp%2Fv2%2Fmedia&parent=10208"}],"wp:term":[{"taxonomy":"category","embeddable":true,"href":"http:\/\/www.jasiunupagrindine.salcininkai.lm.lt\/index.php?rest_route=%2Fwp%2Fv2%2Fcategories&post=10208"},{"taxonomy":"post_tag","embeddable":true,"href":"http:\/\/www.jasiunupagrindine.salcininkai.lm.lt\/index.php?rest_route=%2Fwp%2Fv2%2Ftags&post=10208"}],"curies":[{"name":"wp","href":"https:\/\/api.w.org\/{rel}","templated":true}]}}