{"id":10304,"date":"2020-12-30T19:53:05","date_gmt":"2020-12-30T17:53:05","guid":{"rendered":"http:\/\/www.jasiunupagrindine.salcininkai.lm.lt\/?p=10304"},"modified":"2021-01-04T12:54:50","modified_gmt":"2021-01-04T10:54:50","slug":"10304","status":"publish","type":"post","link":"http:\/\/www.jasiunupagrindine.salcininkai.lm.lt\/?p=10304","title":{"rendered":""},"content":{"rendered":"<p style=\"text-align: center;\"><strong><span style=\"font-family: helvetica, arial, sans-serif; font-size: 12pt;\"><span style=\"font-family: 'times new roman', times, serif;\">D\u0116MESIO!<\/span><\/span><\/strong><\/p>\n<p style=\"text-align: justify;\"><strong><span style=\"font-size: 12pt;\"><span style=\"font-family: 'times new roman', times, serif;\">&nbsp;Ugdymo organizavimo tvarka&nbsp;<\/span><span style=\"font-family: 'times new roman', times, serif;\">nuo 2021 m. sausio<\/span><span style=\"font-family: 'times new roman', times, serif;\">&nbsp;4 d. iki 2021 m. sausio 31 d.<\/span><span style=\"font-family: 'times new roman', times, serif;\">:<\/span><\/span><\/strong><\/p>\n<ul style=\"list-style-type: circle; text-align: justify;\">\n<li><span style=\"font-family: 'times new roman', times, serif;\"><span style=\"font-size: 12pt;\">&nbsp;<strong>Ikimokyklinis ir prie\u0161mokyklinis ugdymas<\/strong> organizuojamas nuotoliniu b\u016bdu;<\/span><\/span><\/li>\n<li><span style=\"font-family: 'times new roman', times, serif;\"><span style=\"font-size: 12pt;\"><strong>Pradinis ugdymas<\/strong> po pradinuk\u0173 atostog\u0173, nuo sausio 4 d., vyks nuotoliniu b\u016bdu;<\/span><\/span><\/li>\n<li><span style=\"font-size: 12pt; font-family: 'times new roman', times, serif;\"><strong>Pagrindinis (5-10 kl.) ugdymas<\/strong> vykdomas nuotoliniu b\u016bdu;<\/span><\/li>\n<li><span style=\"font-family: 'times new roman', times, serif; font-size: 12pt;\"><strong>\u0160vietimo pagalba<\/strong> teikiama nuotoliniu b\u016bdu.<\/span><\/li>\n<\/ul>\n<p><span style=\"font-family: 'times new roman', times, serif; font-size: 12pt;\">Su pasira\u0161ytu administracijos direktoriaus \u012fsakymu ir papildoma informacija, gauta i\u0161 LR \u0161vietimo, mokslo ir sporto ministerijos, susipa\u017einti galima \u010dia:&nbsp;<\/span><\/p>\n<p><span style=\"font-family: 'times new roman', times, serif; font-size: 12pt; color: #0000ff;\"><a style=\"color: #0000ff;\" href=\"http:\/\/www.jasiunupagrindine.salcininkai.lm.lt\/wp-content\/uploads\/2020\/12\/Direktoriaus-\u012fsakymas-d\u0117l-ugdymo-organizavimo-nuo-2021-m.-sausio-4-d..pdf\">Direktoriaus \u012fsakymas d\u0117l ugdymo organizavimo nuo 2021 m. sausio 4 d.<\/a><\/span><\/p>\n<p><span style=\"font-family: 'times new roman', times, serif; font-size: 12pt;\"><a href=\"http:\/\/www.jasiunupagrindine.salcininkai.lm.lt\/wp-content\/uploads\/2020\/12\/Aplinkra\u0161tis_2020-12_galutinis.docx\"><span style=\"color: #0000ff;\">Aplinkra\u0161tis_2020-12_galutinis<\/span><\/a><\/span><\/p>\n<p style=\"text-align: justify;\"><span style=\"font-size: 12pt; font-family: 'times new roman', times, serif;\">\u0160vietimo \u012fstaigoms aktuali infromacija skelbiama:<span style=\"color: #0000ff;\">&nbsp;<a style=\"color: #0000ff;\" href=\"https:\/\/www.smm.lt\/web\/lt\/naujienos\/2020-2021-mokslo-metai\/pranesimai\">https:\/\/www.smm.lt\/web\/lt\/naujienos\/2020-2021-mokslo-metai\/pranesimai<\/a><\/span><\/span><\/p>\n","protected":false},"excerpt":{"rendered":"<p>D\u0116MESIO! &nbsp;Ugdymo organizavimo tvarka&nbsp;nuo 2021 m. sausio&nbsp;4 d. iki 2021 m. sausio 31 d.: &nbsp;Ikimokyklinis ir prie\u0161mokyklinis ugdymas organizuojamas nuotoliniu b\u016bdu; Pradinis ugdymas po pradinuk\u0173 atostog\u0173, nuo sausio 4 d., vyks nuotoliniu b\u016bdu; Pagrindinis (5-10 kl.) ugdymas vykdomas nuotoliniu b\u016bdu; &hellip; <a href=\"http:\/\/www.jasiunupagrindine.salcininkai.lm.lt\/?p=10304\">Skaitykite toliau <span class=\"meta-nav\">&rarr;<\/span><\/a><\/p>\n","protected":false},"author":5,"featured_media":0,"comment_status":"closed","ping_status":"closed","sticky":false,"template":"","format":"standard","meta":{"ngg_post_thumbnail":0,"footnotes":""},"categories":[1],"tags":[],"class_list":["post-10304","post","type-post","status-publish","format-standard","hentry","category-mes-ir-mokykla"],"_links":{"self":[{"href":"http:\/\/www.jasiunupagrindine.salcininkai.lm.lt\/index.php?rest_route=\/wp\/v2\/posts\/10304","targetHints":{"allow":["GET"]}}],"collection":[{"href":"http:\/\/www.jasiunupagrindine.salcininkai.lm.lt\/index.php?rest_route=\/wp\/v2\/posts"}],"about":[{"href":"http:\/\/www.jasiunupagrindine.salcininkai.lm.lt\/index.php?rest_route=\/wp\/v2\/types\/post"}],"author":[{"embeddable":true,"href":"http:\/\/www.jasiunupagrindine.salcininkai.lm.lt\/index.php?rest_route=\/wp\/v2\/users\/5"}],"replies":[{"embeddable":true,"href":"http:\/\/www.jasiunupagrindine.salcininkai.lm.lt\/index.php?rest_route=%2Fwp%2Fv2%2Fcomments&post=10304"}],"version-history":[{"count":8,"href":"http:\/\/www.jasiunupagrindine.salcininkai.lm.lt\/index.php?rest_route=\/wp\/v2\/posts\/10304\/revisions"}],"predecessor-version":[{"id":10316,"href":"http:\/\/www.jasiunupagrindine.salcininkai.lm.lt\/index.php?rest_route=\/wp\/v2\/posts\/10304\/revisions\/10316"}],"wp:attachment":[{"href":"http:\/\/www.jasiunupagrindine.salcininkai.lm.lt\/index.php?rest_route=%2Fwp%2Fv2%2Fmedia&parent=10304"}],"wp:term":[{"taxonomy":"category","embeddable":true,"href":"http:\/\/www.jasiunupagrindine.salcininkai.lm.lt\/index.php?rest_route=%2Fwp%2Fv2%2Fcategories&post=10304"},{"taxonomy":"post_tag","embeddable":true,"href":"http:\/\/www.jasiunupagrindine.salcininkai.lm.lt\/index.php?rest_route=%2Fwp%2Fv2%2Ftags&post=10304"}],"curies":[{"name":"wp","href":"https:\/\/api.w.org\/{rel}","templated":true}]}}