{"id":10330,"date":"2021-01-12T11:55:28","date_gmt":"2021-01-12T09:55:28","guid":{"rendered":"http:\/\/www.jasiunupagrindine.salcininkai.lm.lt\/?p=10330"},"modified":"2021-01-12T11:58:15","modified_gmt":"2021-01-12T09:58:15","slug":"kvietimas-mineti-sausio-13-diena","status":"publish","type":"post","link":"http:\/\/www.jasiunupagrindine.salcininkai.lm.lt\/?p=10330","title":{"rendered":""},"content":{"rendered":"<p style=\"text-align: center;\"><strong><span style=\"font-family: 'times new roman', times, serif; font-size: 12pt;\">Kvietimas min\u0117ti Sausio 13 dien\u0105<\/span><\/strong><\/p>\n<p><img loading=\"lazy\" decoding=\"async\" class=\" wp-image-10331 aligncenter\" src=\"http:\/\/www.jasiunupagrindine.salcininkai.lm.lt\/wp-content\/uploads\/2021\/01\/Sausio-13-d-info-plakatas-300x50.png\" alt=\"\" width=\"378\" height=\"63\" srcset=\"http:\/\/www.jasiunupagrindine.salcininkai.lm.lt\/wp-content\/uploads\/2021\/01\/Sausio-13-d-info-plakatas-300x50.png 300w, http:\/\/www.jasiunupagrindine.salcininkai.lm.lt\/wp-content\/uploads\/2021\/01\/Sausio-13-d-info-plakatas-150x25.png 150w, http:\/\/www.jasiunupagrindine.salcininkai.lm.lt\/wp-content\/uploads\/2021\/01\/Sausio-13-d-info-plakatas-768x128.png 768w, http:\/\/www.jasiunupagrindine.salcininkai.lm.lt\/wp-content\/uploads\/2021\/01\/Sausio-13-d-info-plakatas-1024x171.png 1024w, http:\/\/www.jasiunupagrindine.salcininkai.lm.lt\/wp-content\/uploads\/2021\/01\/Sausio-13-d-info-plakatas-624x104.png 624w, http:\/\/www.jasiunupagrindine.salcininkai.lm.lt\/wp-content\/uploads\/2021\/01\/Sausio-13-d-info-plakatas.png 1200w\" sizes=\"auto, (max-width: 378px) 100vw, 378px\" \/><\/p>\n<p style=\"text-align: justify;\"><span style=\"font-family: 'times new roman', times, serif; font-size: 12pt;\"><strong>Tarptautin\u0117 komisija naci\u0173 ir sovietinio okupacini\u0173 re\u017eim\u0173 nusikaltimams Lietuvoje \u012fvertinti ir iniciatyv\u0105 globojantis Lietuvos Respublikos Prezidentas Gitanas Naus\u0117da kvie\u010dia Lietuvos \u0161vietimo \u012fstaigas, valstyb\u0117s institucijas, \u012fstaigas ir organizacijas bei visus geros valios \u017emones prisiminti 1991 met\u0173 saus\u012f i\u0161kovot\u0105 pilietin\u0119 pergal\u0119 prie\u0161 agresori\u0173 ir prisijungti prie pilietin\u0117s iniciatyvos \u201eAtmintis gyva, nes liudija\u201c.<\/strong><\/span><\/p>\n<p style=\"text-align: justify;\"><span style=\"font-family: 'times new roman', times, serif; font-size: 12pt;\">Kvie\u010diame visus prisiminti ir pamin\u0117ti prie\u0161 trisde\u0161imt met\u0173 i\u0161kovot\u0105 m\u016bs\u0173 laisv\u0117s pergal\u0119.&nbsp; 2021 met\u0173 sausio 13 d. 8.00 valand\u0105 ryto kartu de\u0161im\u010diai minu\u010di\u0173 languose u\u017edekime vienyb\u0117s, atminimo ir pergal\u0117s \u017evakutes.<\/span><\/p>\n<p style=\"text-align: justify;\"><span style=\"font-family: 'times new roman', times, serif; font-size: 12pt;\">1991 met\u0173 saus\u012f vienyb\u0117s ir laisv\u0117s siekio vedini&nbsp; Lietuvos pilie\u010diai pasiek\u0117 istorin\u0119 pergal\u0119.&nbsp; Tauta atsilaik\u0117 prie\u0161 sovietini\u0173 okupant\u0173 ir vietini\u0173 kolaborant\u0173 agresij\u0105 bei bandym\u0105 karine j\u0117ga \u012fvykdyti perversm\u0105 ir apgyn\u0117 atkurtos valstyb\u0117s nepriklausomyb\u0119.&nbsp;<\/span><\/p>\n<p style=\"text-align: justify;\"><span style=\"font-family: 'times new roman', times, serif; font-size: 12pt;\">1991 met\u0173 Lietuvos pilie\u010di\u0173 pergal\u0117 prie\u0161 agresori\u0173 yra i\u0161kiliausias \u012fvykis m\u016bs\u0173 \u0161alies naujausi\u0173 laik\u0173 istorijoje \u2013 tai buvo esminis l\u016b\u017eio ta\u0161kas nepriklausomyb\u0117s atk\u016brimo ir \u012ftvirtinimo kelyje, nul\u0117m\u0119s ne tik m\u016bs\u0173 \u0161alies ateit\u012f bet ir esminius tarptautinius geopolitinius procesus. Tomis dienomis i\u0161 esm\u0117s sprend\u0117si visos sovietin\u0117s imperijos pavergt\u0173 taut\u0173 ir valstybi\u0173 likimai, i\u0161 esm\u0117s sprend\u0117si Europos ateitis. Ir mes galime did\u017eiuotis \u0161ia pergale.<\/span><\/p>\n<p style=\"text-align: justify;\"><span style=\"font-family: 'times new roman', times, serif; font-size: 12pt;\">Tai buvo Tautos pergal\u0117. O Tauta \u2013 tai ne tik \u017emon\u0117s, gyven\u0119 tuo istoriniu momentu, bet ir ankstesn\u0117s kartos, pad\u0117jusios laisv\u0117s siekio pamatus \u2013 nepriklausomyb\u0117s kov\u0173 savanoriai, pokario partizanai ir rezistentai \u2013 tai ir \u0161iandienin\u0117 karta, u\u017eaugusi nepriklausomoje Lietuvoje, tai ir j\u0173 vaikai, kurie gyvens ir kurs ateities Lietuvoje.<\/span><\/p>\n<p style=\"text-align: justify;\"><span style=\"font-family: 'times new roman', times, serif; font-size: 12pt;\">Iniciatyvos simbolis \u017evak\u0117 simbolizuoja \u0161vies\u0105, teisingum\u0105, atmint\u012f ir laisv\u0117s gin\u0117j\u0173 lau\u017eus.<\/span><\/p>\n<p style=\"text-align: justify;\"><span style=\"font-family: 'times new roman', times, serif; font-size: 12pt;\"><strong>Vieta:<\/strong> \u0161vietimo \u012fstaigos, institucijos, organizacijos, gyventoj\u0173 namai ir butai.<\/span><\/p>\n<p style=\"text-align: justify;\"><span style=\"font-family: 'times new roman', times, serif; font-size: 12pt;\"><strong>Data:<\/strong>&nbsp; 2021 m. sausio 13 diena (tre\u010diadienis)<\/span><\/p>\n<p style=\"text-align: justify;\"><span style=\"font-family: 'times new roman', times, serif; font-size: 12pt;\"><strong>Pilietin\u0117s iniciatyvos&nbsp; laikas:<\/strong> 8.00\u20138.10 val.<\/span><\/p>\n<p style=\"text-align: justify;\"><span style=\"font-family: 'times new roman', times, serif; font-size: 12pt;\"><strong>Pastaba.<\/strong> Svarbu \u017evakes u\u017edegti tuo pa\u010diu metu (8.00\u20138.10 val.) tam, kad \u017evaki\u0173 liepsnel\u0117s plazd\u0117t\u0173 visoje Lietuvoje vienu metu.<\/span><\/p>\n<p style=\"text-align: justify;\"><span style=\"font-family: 'times new roman', times, serif; font-size: 12pt;\">Pilieti\u0161kumo iniciatyva \u201eAtmintis gyva, nes liudija\u201c organizuojama nuo 2008 met\u0173. Kasmet \u0161i\u0105 iniciatyv\u0105 palaikan\u010di\u0173 \u0161vietimo \u012fstaig\u0173 ir kit\u0173 institucij\u0173 daug\u0117ja. Iniciatyv\u0105 aktyviai palaiko ne tik Lietuvos \u0161vietimo \u012fstaigos, bet ir valstyb\u0117s institucijos: Prezidentas, Seimas, Vyriausyb\u0117, ministerijos, Lietuvos Respublikos ambasados u\u017esienyje, muziejai, bibliotekos, ligonin\u0117s, policijos komisariatai, pasienio u\u017ekardos, \u012fstaigos, organizacijos ir Lietuvos pilie\u010diai. 2020 metai iniciatyv\u0105 palaik\u0117 vir\u0161 1500 \u0161vietimo \u012fstaig\u0173 ir kit\u0173 institucij\u0173.<\/span><\/p>\n<p style=\"text-align: justify;\"><span style=\"font-family: 'times new roman', times, serif; font-size: 12pt;\">Iniciatyv\u0105 globoja:<\/span><\/p>\n<p style=\"text-align: justify;\"><span style=\"font-family: 'times new roman', times, serif; font-size: 12pt;\">Lietuvos Respublikos Prezidentas Gitanas Naus\u0117da<\/span><\/p>\n","protected":false},"excerpt":{"rendered":"<p>Kvietimas min\u0117ti Sausio 13 dien\u0105 Tarptautin\u0117 komisija naci\u0173 ir sovietinio okupacini\u0173 re\u017eim\u0173 nusikaltimams Lietuvoje \u012fvertinti ir iniciatyv\u0105 globojantis Lietuvos Respublikos Prezidentas Gitanas Naus\u0117da kvie\u010dia Lietuvos \u0161vietimo \u012fstaigas, valstyb\u0117s institucijas, \u012fstaigas ir organizacijas bei visus geros valios \u017emones prisiminti 1991 met\u0173 &hellip; <a href=\"http:\/\/www.jasiunupagrindine.salcininkai.lm.lt\/?p=10330\">Skaitykite toliau <span class=\"meta-nav\">&rarr;<\/span><\/a><\/p>\n","protected":false},"author":5,"featured_media":0,"comment_status":"closed","ping_status":"closed","sticky":false,"template":"","format":"standard","meta":{"ngg_post_thumbnail":0,"footnotes":""},"categories":[1],"tags":[],"class_list":["post-10330","post","type-post","status-publish","format-standard","hentry","category-mes-ir-mokykla"],"_links":{"self":[{"href":"http:\/\/www.jasiunupagrindine.salcininkai.lm.lt\/index.php?rest_route=\/wp\/v2\/posts\/10330","targetHints":{"allow":["GET"]}}],"collection":[{"href":"http:\/\/www.jasiunupagrindine.salcininkai.lm.lt\/index.php?rest_route=\/wp\/v2\/posts"}],"about":[{"href":"http:\/\/www.jasiunupagrindine.salcininkai.lm.lt\/index.php?rest_route=\/wp\/v2\/types\/post"}],"author":[{"embeddable":true,"href":"http:\/\/www.jasiunupagrindine.salcininkai.lm.lt\/index.php?rest_route=\/wp\/v2\/users\/5"}],"replies":[{"embeddable":true,"href":"http:\/\/www.jasiunupagrindine.salcininkai.lm.lt\/index.php?rest_route=%2Fwp%2Fv2%2Fcomments&post=10330"}],"version-history":[{"count":3,"href":"http:\/\/www.jasiunupagrindine.salcininkai.lm.lt\/index.php?rest_route=\/wp\/v2\/posts\/10330\/revisions"}],"predecessor-version":[{"id":10334,"href":"http:\/\/www.jasiunupagrindine.salcininkai.lm.lt\/index.php?rest_route=\/wp\/v2\/posts\/10330\/revisions\/10334"}],"wp:attachment":[{"href":"http:\/\/www.jasiunupagrindine.salcininkai.lm.lt\/index.php?rest_route=%2Fwp%2Fv2%2Fmedia&parent=10330"}],"wp:term":[{"taxonomy":"category","embeddable":true,"href":"http:\/\/www.jasiunupagrindine.salcininkai.lm.lt\/index.php?rest_route=%2Fwp%2Fv2%2Fcategories&post=10330"},{"taxonomy":"post_tag","embeddable":true,"href":"http:\/\/www.jasiunupagrindine.salcininkai.lm.lt\/index.php?rest_route=%2Fwp%2Fv2%2Ftags&post=10330"}],"curies":[{"name":"wp","href":"https:\/\/api.w.org\/{rel}","templated":true}]}}