{"id":10336,"date":"2021-01-13T14:01:53","date_gmt":"2021-01-13T12:01:53","guid":{"rendered":"http:\/\/www.jasiunupagrindine.salcininkai.lm.lt\/?p=10336"},"modified":"2021-01-13T14:01:53","modified_gmt":"2021-01-13T12:01:53","slug":"10336","status":"publish","type":"post","link":"http:\/\/www.jasiunupagrindine.salcininkai.lm.lt\/?p=10336","title":{"rendered":""},"content":{"rendered":"<p style=\"text-align: center;\"><strong><span style=\"font-family: 'times new roman', times, serif;\">Sausio 13-osios min\u0117jimas<\/span><\/strong><\/p>\n<p style=\"text-align: center;\"><span style=\"font-family: 'times new roman', times, serif; font-size: 12pt;\"><em><strong>Niekas negali nugal\u0117ti TAUTOS, einan\u010dios \u012f Laisv\u0119, Nepriklausomyb\u0119.<\/strong><\/em><\/span><br \/>\n<span style=\"font-family: 'times new roman', times, serif; font-size: 12pt;\"><em><strong>1990 \u2013j\u0173 met\u0173 Kovo 11-oji paskelb\u0117: LIETUVOS VALSTYB\u0116 YRA.<\/strong><\/em><\/span><br \/>\n<span style=\"font-family: 'times new roman', times, serif; font-size: 12pt;\"><em><strong>1991 \u2013j\u0173 sausio 13-oji patvirtino: MES B\u016aSIME.<\/strong><\/em><\/span><\/p>\n<p style=\"text-align: justify;\"><span style=\"font-family: 'times new roman', times, serif; font-size: 12pt;\">1991 metais \u0161i\u0105 dien\u0105 \u012fvyk\u0119s masinis taikus Lietuvos pilie\u010di\u0173 pasiprie\u0161inimas Soviet\u0173 S\u0105jungos vadovyb\u0117s bandymui j\u0117ga paimti \u012f savo rankas Vilniaus televizijos bok\u0161t\u0105, Radijo ir televizijos komiteto pastat\u0105, Parlamento pastat\u0105 ir kitus valstybiniam perversmui reik\u0161mingus objektus. Tai buvo esminis l\u016b\u017eio ta\u0161kas nepriklausomyb\u0117s atk\u016brimo ir \u012ftvirtinimo kelyje, nul\u0117m\u0119s m\u016bs\u0173 \u0161alies ateit\u012f .&nbsp;<\/span><\/p>\n<p style=\"text-align: justify;\"><span style=\"font-family: 'times new roman', times, serif; font-size: 12pt;\">Tai buvo Tautos pergal\u0117. O Tauta \u2013 tai ne tik \u017emon\u0117s, gyven\u0119 tuo istoriniu momentu, bet ir ankstesn\u0117s kartos, pad\u0117jusios laisv\u0117s siekio pamatus \u2013 nepriklausomyb\u0117s kov\u0173 savanoriai, pokario partizanai ir rezistentai \u2013 tai ir \u0161iandienin\u0117 karta, u\u017eaugusi nepriklausomoje Lietuvoje.<\/span><\/p>\n<p style=\"text-align: justify;\"><span style=\"font-family: 'times new roman', times, serif; font-size: 12pt;\">\u0160iandien, kaip ir kasmet, m\u016bs\u0173 mokyklos bendruomen\u0117 prisid\u0117jo prie \u0161ios svarbios m\u016bs\u0173 valstybei ir pilie\u010diams dienai. M\u016bs\u0173 vis\u0173 nam\u0173 languose deg\u0117 liepsnel\u0117, taip pagerb\u0117me \u017euvusius Lietuvos didvyrius ir patvirtinome, kad j\u0173 aukos niekada nepamir\u0161ime.<\/span><\/p>\n<p><span style=\"font-family: 'times new roman', times, serif; font-size: 12pt;\"><span lang=\"LT\">Pilieti\u0161kumo ir istorijos pamok\u0173 metu moksleiviams parodytos Sausio&nbsp;13-osios&nbsp;<\/span>\u012fvyki\u0173 akimirkos bei papasakota, kaip pilie\u010diai taikiu pasiprie\u0161inimu apgyn\u0117 Lietuvos laisv\u0119.<u><\/u>&nbsp;<\/span><\/p>\n<p style=\"text-align: right;\"><span style=\"font-family: 'times new roman', times, serif; font-size: 12pt;\">Istorijos ir pilieti\u0161kumo mokytoja T. Voitukovi\u010d<\/span><\/p>\n<div style=\"width: 640px;\" class=\"wp-video\"><!--[if lt IE 9]><script>document.createElement('video');<\/script><![endif]-->\n<video class=\"wp-video-shortcode\" id=\"video-10336-1\" width=\"640\" height=\"640\" preload=\"metadata\" controls=\"controls\"><source type=\"video\/mp4\" src=\"http:\/\/www.jasiunupagrindine.salcininkai.lm.lt\/wp-content\/uploads\/2021\/01\/MovaviClips_Video_11.mp4?_=1\" \/><a href=\"http:\/\/www.jasiunupagrindine.salcininkai.lm.lt\/wp-content\/uploads\/2021\/01\/MovaviClips_Video_11.mp4\">http:\/\/www.jasiunupagrindine.salcininkai.lm.lt\/wp-content\/uploads\/2021\/01\/MovaviClips_Video_11.mp4<\/a><\/video><\/div>\n","protected":false},"excerpt":{"rendered":"<p>Sausio 13-osios min\u0117jimas Niekas negali nugal\u0117ti TAUTOS, einan\u010dios \u012f Laisv\u0119, Nepriklausomyb\u0119. 1990 \u2013j\u0173 met\u0173 Kovo 11-oji paskelb\u0117: LIETUVOS VALSTYB\u0116 YRA. 1991 \u2013j\u0173 sausio 13-oji patvirtino: MES B\u016aSIME. 1991 metais \u0161i\u0105 dien\u0105 \u012fvyk\u0119s masinis taikus Lietuvos pilie\u010di\u0173 pasiprie\u0161inimas Soviet\u0173 S\u0105jungos vadovyb\u0117s &hellip; <a href=\"http:\/\/www.jasiunupagrindine.salcininkai.lm.lt\/?p=10336\">Skaitykite toliau <span class=\"meta-nav\">&rarr;<\/span><\/a><\/p>\n","protected":false},"author":5,"featured_media":0,"comment_status":"closed","ping_status":"closed","sticky":false,"template":"","format":"standard","meta":{"ngg_post_thumbnail":0,"footnotes":""},"categories":[1],"tags":[],"class_list":["post-10336","post","type-post","status-publish","format-standard","hentry","category-mes-ir-mokykla"],"_links":{"self":[{"href":"http:\/\/www.jasiunupagrindine.salcininkai.lm.lt\/index.php?rest_route=\/wp\/v2\/posts\/10336","targetHints":{"allow":["GET"]}}],"collection":[{"href":"http:\/\/www.jasiunupagrindine.salcininkai.lm.lt\/index.php?rest_route=\/wp\/v2\/posts"}],"about":[{"href":"http:\/\/www.jasiunupagrindine.salcininkai.lm.lt\/index.php?rest_route=\/wp\/v2\/types\/post"}],"author":[{"embeddable":true,"href":"http:\/\/www.jasiunupagrindine.salcininkai.lm.lt\/index.php?rest_route=\/wp\/v2\/users\/5"}],"replies":[{"embeddable":true,"href":"http:\/\/www.jasiunupagrindine.salcininkai.lm.lt\/index.php?rest_route=%2Fwp%2Fv2%2Fcomments&post=10336"}],"version-history":[{"count":4,"href":"http:\/\/www.jasiunupagrindine.salcininkai.lm.lt\/index.php?rest_route=\/wp\/v2\/posts\/10336\/revisions"}],"predecessor-version":[{"id":10341,"href":"http:\/\/www.jasiunupagrindine.salcininkai.lm.lt\/index.php?rest_route=\/wp\/v2\/posts\/10336\/revisions\/10341"}],"wp:attachment":[{"href":"http:\/\/www.jasiunupagrindine.salcininkai.lm.lt\/index.php?rest_route=%2Fwp%2Fv2%2Fmedia&parent=10336"}],"wp:term":[{"taxonomy":"category","embeddable":true,"href":"http:\/\/www.jasiunupagrindine.salcininkai.lm.lt\/index.php?rest_route=%2Fwp%2Fv2%2Fcategories&post=10336"},{"taxonomy":"post_tag","embeddable":true,"href":"http:\/\/www.jasiunupagrindine.salcininkai.lm.lt\/index.php?rest_route=%2Fwp%2Fv2%2Ftags&post=10336"}],"curies":[{"name":"wp","href":"https:\/\/api.w.org\/{rel}","templated":true}]}}