{"id":10348,"date":"2021-01-14T20:17:06","date_gmt":"2021-01-14T18:17:06","guid":{"rendered":"http:\/\/www.jasiunupagrindine.salcininkai.lm.lt\/?p=10348"},"modified":"2021-01-14T20:17:06","modified_gmt":"2021-01-14T18:17:06","slug":"10348","status":"publish","type":"post","link":"http:\/\/www.jasiunupagrindine.salcininkai.lm.lt\/?p=10348","title":{"rendered":""},"content":{"rendered":"<p style=\"text-align: center;\"><span style=\"font-family: 'times new roman', times, serif; font-size: 12pt;\"><strong>Mokini\u0173 ir mokytoj\u0173 pasiekimai<\/strong><\/span><\/p>\n<p><span style=\"font-family: 'times new roman', times, serif; font-size: 12pt;\">M\u016bs\u0173 mokyklos pradini\u0173 klasi\u0173 mokin\u0117 Darja Petrovskyt\u0117 (4 kl.) kartu su klas\u0117s aukl\u0117toja Ang\u0117le \u0160eviakova dalyvavo Respublikin\u0117je pie\u0161ini\u0173 parodoje &#8211; konkurse &#8222;Kal\u0117din\u0117 puo\u0161mena&#8221;.&nbsp;<\/span><\/p>\n<p><span style=\"font-family: 'times new roman', times, serif; font-size: 12pt;\">Dalyv\u0117s buvo apdovanotos pad\u0117kos ra\u0161tais.<\/span><\/p>\nngg_shortcode_0_placeholder\n","protected":false},"excerpt":{"rendered":"<p>Mokini\u0173 ir mokytoj\u0173 pasiekimai M\u016bs\u0173 mokyklos pradini\u0173 klasi\u0173 mokin\u0117 Darja Petrovskyt\u0117 (4 kl.) kartu su klas\u0117s aukl\u0117toja Ang\u0117le \u0160eviakova dalyvavo Respublikin\u0117je pie\u0161ini\u0173 parodoje &#8211; konkurse &#8222;Kal\u0117din\u0117 puo\u0161mena&#8221;.&nbsp; Dalyv\u0117s buvo apdovanotos pad\u0117kos ra\u0161tais.<\/p>\n","protected":false},"author":5,"featured_media":0,"comment_status":"closed","ping_status":"closed","sticky":false,"template":"","format":"standard","meta":{"ngg_post_thumbnail":0,"footnotes":""},"categories":[1],"tags":[],"class_list":["post-10348","post","type-post","status-publish","format-standard","hentry","category-mes-ir-mokykla"],"_links":{"self":[{"href":"http:\/\/www.jasiunupagrindine.salcininkai.lm.lt\/index.php?rest_route=\/wp\/v2\/posts\/10348","targetHints":{"allow":["GET"]}}],"collection":[{"href":"http:\/\/www.jasiunupagrindine.salcininkai.lm.lt\/index.php?rest_route=\/wp\/v2\/posts"}],"about":[{"href":"http:\/\/www.jasiunupagrindine.salcininkai.lm.lt\/index.php?rest_route=\/wp\/v2\/types\/post"}],"author":[{"embeddable":true,"href":"http:\/\/www.jasiunupagrindine.salcininkai.lm.lt\/index.php?rest_route=\/wp\/v2\/users\/5"}],"replies":[{"embeddable":true,"href":"http:\/\/www.jasiunupagrindine.salcininkai.lm.lt\/index.php?rest_route=%2Fwp%2Fv2%2Fcomments&post=10348"}],"version-history":[{"count":3,"href":"http:\/\/www.jasiunupagrindine.salcininkai.lm.lt\/index.php?rest_route=\/wp\/v2\/posts\/10348\/revisions"}],"predecessor-version":[{"id":10356,"href":"http:\/\/www.jasiunupagrindine.salcininkai.lm.lt\/index.php?rest_route=\/wp\/v2\/posts\/10348\/revisions\/10356"}],"wp:attachment":[{"href":"http:\/\/www.jasiunupagrindine.salcininkai.lm.lt\/index.php?rest_route=%2Fwp%2Fv2%2Fmedia&parent=10348"}],"wp:term":[{"taxonomy":"category","embeddable":true,"href":"http:\/\/www.jasiunupagrindine.salcininkai.lm.lt\/index.php?rest_route=%2Fwp%2Fv2%2Fcategories&post=10348"},{"taxonomy":"post_tag","embeddable":true,"href":"http:\/\/www.jasiunupagrindine.salcininkai.lm.lt\/index.php?rest_route=%2Fwp%2Fv2%2Ftags&post=10348"}],"curies":[{"name":"wp","href":"https:\/\/api.w.org\/{rel}","templated":true}]}}