{"id":10371,"date":"2021-01-20T07:49:52","date_gmt":"2021-01-20T05:49:52","guid":{"rendered":"http:\/\/www.jasiunupagrindine.salcininkai.lm.lt\/?p=10371"},"modified":"2021-01-20T07:55:46","modified_gmt":"2021-01-20T05:55:46","slug":"del-mobiliuju-psichologiniu-kriziu-iveikimo-komandu-paslaugu-teikimo-salcininku-rajone","status":"publish","type":"post","link":"http:\/\/www.jasiunupagrindine.salcininkai.lm.lt\/?p=10371","title":{"rendered":""},"content":{"rendered":"<p style=\"text-align: center;\"><strong><span style=\"font-family: 'times new roman', times, serif; font-size: 12pt;\">D\u0117l mobili\u0173j\u0173 psichologini\u0173 krizi\u0173 \u012fveikimo komand\u0173 paslaug\u0173 teikimo \u0160al\u010dinink\u0173 rajone<\/span><\/strong><\/p>\n<p style=\"text-align: justify;\"><span style=\"font-family: 'times new roman', times, serif; font-size: 12pt;\">Informuojame, kad \u0160al\u010dinink\u0173 rajone teikiamos nemokamos Mobili\u0173j\u0173 psichologini\u0173 krizi\u0173 \u012fveikimo komand\u0173 paslaugos.<\/span><\/p>\n<p style=\"text-align: justify;\"><span style=\"font-family: 'times new roman', times, serif; font-size: 12pt;\">Projektas vykdomas \u012fgyvendinant LR Sveikatos apsaugos ministro 2020 m. liepos 3 d. \u012fsakymo Nr. V-1596 \u201eD\u0117l ilgalaiki\u0173 neigiam\u0173 COVID-19 pandemijos pasekmi\u0173 visuomen\u0117s psichikos sveikatai ma\u017einimo veiksm\u0173 plano patvirtinimo\u201c plano 4 punkt\u0105 \u201eI\u0161bandyti ir i\u0161pl\u0117toti mobili\u0173j\u0173 komand\u0173 paslaugas, u\u017etikrinant neatid\u0117liotin\u0105 ir skubi\u0105 psichologin\u0119 pagalb\u0105 bendruomen\u0117je nutikus krizei, galin\u010diai tur\u0117ti neigiam\u0173 pasekmi\u0173 psichikos sveikatai\u201c 2020 m. Numatytas paslaug\u0173 t\u0119stinumas ir 2021 m.<\/span><\/p>\n<p style=\"text-align: justify;\"><span style=\"font-family: 'times new roman', times, serif; font-size: 12pt;\">D\u0117l Mobili\u0173j\u0173 psichologini\u0173 krizi\u0173 \u012fveikimo komand\u0173 paslaug\u0173 kreiptis tel.: 861622252 (8:00 &#8211; 20:00 val. kiekvien\u0105 dien\u0105 &#8211; \u012fskaitant savaitgalius) arba el. p.: <a href=\"mailto:mobilikomanda@krizesiveikimas.lt\">mobilikomanda@krizesiveikimas.lt<\/a>.<\/span><\/p>\nngg_shortcode_0_placeholder\n<div style=\"width: 640px;\" class=\"wp-video\"><!--[if lt IE 9]><script>document.createElement('video');<\/script><![endif]-->\n<video class=\"wp-video-shortcode\" id=\"video-10371-1\" width=\"640\" height=\"360\" preload=\"metadata\" controls=\"controls\"><source type=\"video\/mp4\" src=\"http:\/\/www.jasiunupagrindine.salcininkai.lm.lt\/wp-content\/uploads\/2021\/01\/1809-\u2013-visos-nemokamos-emocin\u0117s-pagalbos-linijos-viename-numeryje.mp4?_=1\" \/><a href=\"http:\/\/www.jasiunupagrindine.salcininkai.lm.lt\/wp-content\/uploads\/2021\/01\/1809-\u2013-visos-nemokamos-emocin\u0117s-pagalbos-linijos-viename-numeryje.mp4\">http:\/\/www.jasiunupagrindine.salcininkai.lm.lt\/wp-content\/uploads\/2021\/01\/1809-\u2013-visos-nemokamos-emocin\u0117s-pagalbos-linijos-viename-numeryje.mp4<\/a><\/video><\/div>\n","protected":false},"excerpt":{"rendered":"<p>D\u0117l mobili\u0173j\u0173 psichologini\u0173 krizi\u0173 \u012fveikimo komand\u0173 paslaug\u0173 teikimo \u0160al\u010dinink\u0173 rajone Informuojame, kad \u0160al\u010dinink\u0173 rajone teikiamos nemokamos Mobili\u0173j\u0173 psichologini\u0173 krizi\u0173 \u012fveikimo komand\u0173 paslaugos. Projektas vykdomas \u012fgyvendinant LR Sveikatos apsaugos ministro 2020 m. liepos 3 d. \u012fsakymo Nr. V-1596 \u201eD\u0117l ilgalaiki\u0173 neigiam\u0173 &hellip; <a href=\"http:\/\/www.jasiunupagrindine.salcininkai.lm.lt\/?p=10371\">Skaitykite toliau <span class=\"meta-nav\">&rarr;<\/span><\/a><\/p>\n","protected":false},"author":5,"featured_media":0,"comment_status":"closed","ping_status":"closed","sticky":false,"template":"","format":"standard","meta":{"ngg_post_thumbnail":0,"footnotes":""},"categories":[1],"tags":[],"class_list":["post-10371","post","type-post","status-publish","format-standard","hentry","category-mes-ir-mokykla"],"_links":{"self":[{"href":"http:\/\/www.jasiunupagrindine.salcininkai.lm.lt\/index.php?rest_route=\/wp\/v2\/posts\/10371","targetHints":{"allow":["GET"]}}],"collection":[{"href":"http:\/\/www.jasiunupagrindine.salcininkai.lm.lt\/index.php?rest_route=\/wp\/v2\/posts"}],"about":[{"href":"http:\/\/www.jasiunupagrindine.salcininkai.lm.lt\/index.php?rest_route=\/wp\/v2\/types\/post"}],"author":[{"embeddable":true,"href":"http:\/\/www.jasiunupagrindine.salcininkai.lm.lt\/index.php?rest_route=\/wp\/v2\/users\/5"}],"replies":[{"embeddable":true,"href":"http:\/\/www.jasiunupagrindine.salcininkai.lm.lt\/index.php?rest_route=%2Fwp%2Fv2%2Fcomments&post=10371"}],"version-history":[{"count":4,"href":"http:\/\/www.jasiunupagrindine.salcininkai.lm.lt\/index.php?rest_route=\/wp\/v2\/posts\/10371\/revisions"}],"predecessor-version":[{"id":10382,"href":"http:\/\/www.jasiunupagrindine.salcininkai.lm.lt\/index.php?rest_route=\/wp\/v2\/posts\/10371\/revisions\/10382"}],"wp:attachment":[{"href":"http:\/\/www.jasiunupagrindine.salcininkai.lm.lt\/index.php?rest_route=%2Fwp%2Fv2%2Fmedia&parent=10371"}],"wp:term":[{"taxonomy":"category","embeddable":true,"href":"http:\/\/www.jasiunupagrindine.salcininkai.lm.lt\/index.php?rest_route=%2Fwp%2Fv2%2Fcategories&post=10371"},{"taxonomy":"post_tag","embeddable":true,"href":"http:\/\/www.jasiunupagrindine.salcininkai.lm.lt\/index.php?rest_route=%2Fwp%2Fv2%2Ftags&post=10371"}],"curies":[{"name":"wp","href":"https:\/\/api.w.org\/{rel}","templated":true}]}}