{"id":10431,"date":"2021-01-25T20:40:32","date_gmt":"2021-01-25T18:40:32","guid":{"rendered":"http:\/\/www.jasiunupagrindine.salcininkai.lm.lt\/?p=10431"},"modified":"2021-01-25T20:40:32","modified_gmt":"2021-01-25T18:40:32","slug":"10431","status":"publish","type":"post","link":"http:\/\/www.jasiunupagrindine.salcininkai.lm.lt\/?p=10431","title":{"rendered":""},"content":{"rendered":"<p style=\"text-align: center;\"><strong><span style=\"font-family: 'times new roman', times, serif; font-size: 12pt;\">Projektas &#8222;Lesinkime pauk\u0161\u010dius \u017eiem\u0105&#8221;<\/span><\/strong><\/p>\n<p style=\"text-align: justify;\"><span style=\"font-family: 'times new roman', times, serif; font-size: 12pt;\">\u017diema &#8211; sud\u0117tingiausias laikotarpis pauk\u0161\u010di\u0173 gyvenime. Alkis \u017eiem\u0105 pra\u017eudo pauk\u0161\u010dius. I\u0161 10 pauk\u0161\u010di\u0173 iki pavasario i\u0161gyvena 1-2.<\/span><\/p>\n<p style=\"text-align: justify;\"><span style=\"font-family: 'times new roman', times, serif; font-size: 12pt;\">2 klas\u0117s mokiniai kartu su savo t\u0117veliais pad\u0117jo pauk\u0161\u010diams i\u0161tverti \u017eiem\u0105, jie sumeistravo pauk\u0161\u010diams lesykl\u0117les. <\/span><\/p>\n<p style=\"text-align: justify;\"><span style=\"font-family: 'times new roman', times, serif; font-size: 12pt;\">Kvie\u010diame ir kitus m\u016bs\u0173 mokyklos mokinius prisid\u0117ti prie \u0161ios iniciatyvos.&nbsp;<\/span><\/p>\n<p style=\"text-align: justify;\"><span style=\"font-family: 'times new roman', times, serif; font-size: 12pt;\">Pad\u0117kime pauk\u0161\u010diams i\u0161gyventi \u017eiem\u0105, o pavasar\u012f pauk\u0161\u010diais prad\u017eiugins mus savo \u010diulb\u0117jimu.<\/span><\/p>\n<p style=\"text-align: right;\"><span style=\"font-family: 'times new roman', times, serif; font-size: 12pt;\">Pradini\u0173 klasi\u0173 mokytoja S. Korot\u010denko<\/span><\/p>\n<div style=\"width: 640px;\" class=\"wp-video\"><!--[if lt IE 9]><script>document.createElement('video');<\/script><![endif]-->\n<video class=\"wp-video-shortcode\" id=\"video-10431-1\" width=\"640\" height=\"360\" preload=\"metadata\" controls=\"controls\"><source type=\"video\/mp4\" src=\"http:\/\/www.jasiunupagrindine.salcininkai.lm.lt\/wp-content\/uploads\/2021\/01\/video-a2e37dda450f3b12520a1139cff52546-V.mp4?_=1\" \/><a href=\"http:\/\/www.jasiunupagrindine.salcininkai.lm.lt\/wp-content\/uploads\/2021\/01\/video-a2e37dda450f3b12520a1139cff52546-V.mp4\">http:\/\/www.jasiunupagrindine.salcininkai.lm.lt\/wp-content\/uploads\/2021\/01\/video-a2e37dda450f3b12520a1139cff52546-V.mp4<\/a><\/video><\/div>\nngg_shortcode_0_placeholder\n<p>&nbsp;<\/p>\n","protected":false},"excerpt":{"rendered":"<p>Projektas &#8222;Lesinkime pauk\u0161\u010dius \u017eiem\u0105&#8221; \u017diema &#8211; sud\u0117tingiausias laikotarpis pauk\u0161\u010di\u0173 gyvenime. Alkis \u017eiem\u0105 pra\u017eudo pauk\u0161\u010dius. I\u0161 10 pauk\u0161\u010di\u0173 iki pavasario i\u0161gyvena 1-2. 2 klas\u0117s mokiniai kartu su savo t\u0117veliais pad\u0117jo pauk\u0161\u010diams i\u0161tverti \u017eiem\u0105, jie sumeistravo pauk\u0161\u010diams lesykl\u0117les. Kvie\u010diame ir kitus m\u016bs\u0173 &hellip; <a href=\"http:\/\/www.jasiunupagrindine.salcininkai.lm.lt\/?p=10431\">Skaitykite toliau <span class=\"meta-nav\">&rarr;<\/span><\/a><\/p>\n","protected":false},"author":5,"featured_media":0,"comment_status":"closed","ping_status":"closed","sticky":false,"template":"","format":"standard","meta":{"ngg_post_thumbnail":0,"footnotes":""},"categories":[1],"tags":[],"class_list":["post-10431","post","type-post","status-publish","format-standard","hentry","category-mes-ir-mokykla"],"_links":{"self":[{"href":"http:\/\/www.jasiunupagrindine.salcininkai.lm.lt\/index.php?rest_route=\/wp\/v2\/posts\/10431","targetHints":{"allow":["GET"]}}],"collection":[{"href":"http:\/\/www.jasiunupagrindine.salcininkai.lm.lt\/index.php?rest_route=\/wp\/v2\/posts"}],"about":[{"href":"http:\/\/www.jasiunupagrindine.salcininkai.lm.lt\/index.php?rest_route=\/wp\/v2\/types\/post"}],"author":[{"embeddable":true,"href":"http:\/\/www.jasiunupagrindine.salcininkai.lm.lt\/index.php?rest_route=\/wp\/v2\/users\/5"}],"replies":[{"embeddable":true,"href":"http:\/\/www.jasiunupagrindine.salcininkai.lm.lt\/index.php?rest_route=%2Fwp%2Fv2%2Fcomments&post=10431"}],"version-history":[{"count":2,"href":"http:\/\/www.jasiunupagrindine.salcininkai.lm.lt\/index.php?rest_route=\/wp\/v2\/posts\/10431\/revisions"}],"predecessor-version":[{"id":10434,"href":"http:\/\/www.jasiunupagrindine.salcininkai.lm.lt\/index.php?rest_route=\/wp\/v2\/posts\/10431\/revisions\/10434"}],"wp:attachment":[{"href":"http:\/\/www.jasiunupagrindine.salcininkai.lm.lt\/index.php?rest_route=%2Fwp%2Fv2%2Fmedia&parent=10431"}],"wp:term":[{"taxonomy":"category","embeddable":true,"href":"http:\/\/www.jasiunupagrindine.salcininkai.lm.lt\/index.php?rest_route=%2Fwp%2Fv2%2Fcategories&post=10431"},{"taxonomy":"post_tag","embeddable":true,"href":"http:\/\/www.jasiunupagrindine.salcininkai.lm.lt\/index.php?rest_route=%2Fwp%2Fv2%2Ftags&post=10431"}],"curies":[{"name":"wp","href":"https:\/\/api.w.org\/{rel}","templated":true}]}}