{"id":10466,"date":"2021-02-05T12:48:02","date_gmt":"2021-02-05T10:48:02","guid":{"rendered":"http:\/\/www.jasiunupagrindine.salcininkai.lm.lt\/?p=10466"},"modified":"2021-02-05T18:15:44","modified_gmt":"2021-02-05T16:15:44","slug":"10466","status":"publish","type":"post","link":"http:\/\/www.jasiunupagrindine.salcininkai.lm.lt\/?p=10466","title":{"rendered":""},"content":{"rendered":"<p style=\"text-align: center;\"><span style=\"font-family: 'times new roman', times, serif; font-size: 12pt;\"><strong>Buvusiems mokiniams&#8230;<\/strong><\/span><\/p>\n<p style=\"text-align: justify;\"><span style=\"font-family: 'times new roman', times, serif; font-size: 12pt;\"><strong><em>Nepamir\u0161ki draug\u0173 Tu ir klas\u0117s<br \/>\nPrisiminki mokyklos takus,<br \/>\nNiekur nieko gra\u017eesnio nerasi<br \/>\nU\u017e mokyklinius savo metus.<br \/>\n<\/em><\/strong><strong><em>&nbsp; &nbsp; &nbsp; &nbsp; &nbsp; &nbsp; &nbsp; &nbsp; &nbsp; &nbsp; &nbsp; &nbsp;&nbsp;<\/em><\/strong><strong><em>&nbsp; &nbsp;&nbsp;<\/em><\/strong><em>(Jonas Strielk\u016bnas)<\/em><\/span><\/p>\n<p style=\"text-align: justify;\"><span style=\"font-family: 'times new roman', times, serif; font-size: 12pt;\"><em>&nbsp;<\/em>Tradici\u0161kai kiekvienais metais vasario pirm\u0105j\u012f \u0161e\u0161tadien\u012f vykdavo abiturient\u0173 susitikimo vakaras, kuris suteikdavo puiki\u0105 galimyb\u0119 susitikti su savo mokyklos draugais, bendraklasiais ir mokytojais, prisiminti kartu praleistus metus \u2013 pakalb\u0117ti apie vaikyst\u0119, jaunyst\u0119, mokykl\u0105, pamokas, i\u0161daigas&#8230;<\/span><\/p>\n<p style=\"text-align: justify;\"><span style=\"font-family: 'times new roman', times, serif; font-size: 12pt;\">Mokyklos bendruomen\u0117 visada sukviesdavo jubiliejines absolvent\u0173 laidas, baigusias prie\u0161 5, 10, 15, 20, 25 ir daugiau met\u0173. Vykdavo koncertas, skamb\u0117davo sveikinimo \u017eod\u017eiai. Deja, \u0161ie metai yra kitokie. Gyvai susitikti negalime. Negalime apsikabinti, paspausti vieni kitiems rank\u0173, nusi\u0161ypsoti&#8230;<\/span><\/p>\n<p style=\"text-align: justify;\"><span style=\"font-family: 'times new roman', times, serif; font-size: 12pt;\">Mieli absolventai, nors ir negalime susitikti, bet visiems Jums siun\u010dia link\u0117jimus mokytojai ir m\u016bs\u0173 mokyklos vyriausieji \u2013 10 klas\u0117s mokiniai \u2013 bei skiria Jums sveikinimo \u017eod\u017eius, primindami &nbsp;tuos linksmus, lengvus ir ner\u016bpestingus laikus.<\/span><\/p>\n<p style=\"text-align: justify;\"><span style=\"font-family: 'times new roman', times, serif; font-size: 12pt;\">Susitiksime kit\u0105 kart\u0105. Iki pasimatymo!&nbsp;&nbsp;&nbsp;&nbsp;&nbsp;&nbsp;&nbsp;&nbsp;&nbsp;&nbsp;&nbsp;&nbsp;&nbsp;&nbsp;<\/span><\/p>\n<p style=\"text-align: right;\"><span style=\"font-family: 'times new roman', times, serif; font-size: 12pt;\">Mokytoja R.Kavaliauskien\u0117 ir 10 klas\u0117s mokiniai<\/span><\/p>\n<p><iframe loading=\"lazy\" src=\"https:\/\/www.youtube.com\/embed\/9_WTWGtQyZo?loop=1&amp;playlist=9_WTWGtQyZo\" width=\"560\" height=\"315\" frameborder=\"0\" allowfullscreen=\"allowfullscreen\"><\/iframe><\/p>\n<p><iframe loading=\"lazy\" src=\"https:\/\/www.youtube.com\/embed\/nvKWTa2o3cU?loop=1&amp;playlist=nvKWTa2o3cU\" width=\"560\" height=\"315\" frameborder=\"0\" allowfullscreen=\"allowfullscreen\"><\/iframe><\/p>\n","protected":false},"excerpt":{"rendered":"<p>Buvusiems mokiniams&#8230; Nepamir\u0161ki draug\u0173 Tu ir klas\u0117s Prisiminki mokyklos takus, Niekur nieko gra\u017eesnio nerasi U\u017e mokyklinius savo metus. &nbsp; &nbsp; &nbsp; &nbsp; &nbsp; &nbsp; &nbsp; &nbsp; &nbsp; &nbsp; &nbsp; &nbsp;&nbsp;&nbsp; &nbsp;&nbsp;(Jonas Strielk\u016bnas) &nbsp;Tradici\u0161kai kiekvienais metais vasario pirm\u0105j\u012f \u0161e\u0161tadien\u012f vykdavo abiturient\u0173 &hellip; <a href=\"http:\/\/www.jasiunupagrindine.salcininkai.lm.lt\/?p=10466\">Skaitykite toliau <span class=\"meta-nav\">&rarr;<\/span><\/a><\/p>\n","protected":false},"author":5,"featured_media":0,"comment_status":"closed","ping_status":"closed","sticky":false,"template":"","format":"standard","meta":{"ngg_post_thumbnail":0,"footnotes":""},"categories":[1],"tags":[],"class_list":["post-10466","post","type-post","status-publish","format-standard","hentry","category-mes-ir-mokykla"],"_links":{"self":[{"href":"http:\/\/www.jasiunupagrindine.salcininkai.lm.lt\/index.php?rest_route=\/wp\/v2\/posts\/10466","targetHints":{"allow":["GET"]}}],"collection":[{"href":"http:\/\/www.jasiunupagrindine.salcininkai.lm.lt\/index.php?rest_route=\/wp\/v2\/posts"}],"about":[{"href":"http:\/\/www.jasiunupagrindine.salcininkai.lm.lt\/index.php?rest_route=\/wp\/v2\/types\/post"}],"author":[{"embeddable":true,"href":"http:\/\/www.jasiunupagrindine.salcininkai.lm.lt\/index.php?rest_route=\/wp\/v2\/users\/5"}],"replies":[{"embeddable":true,"href":"http:\/\/www.jasiunupagrindine.salcininkai.lm.lt\/index.php?rest_route=%2Fwp%2Fv2%2Fcomments&post=10466"}],"version-history":[{"count":7,"href":"http:\/\/www.jasiunupagrindine.salcininkai.lm.lt\/index.php?rest_route=\/wp\/v2\/posts\/10466\/revisions"}],"predecessor-version":[{"id":12548,"href":"http:\/\/www.jasiunupagrindine.salcininkai.lm.lt\/index.php?rest_route=\/wp\/v2\/posts\/10466\/revisions\/12548"}],"wp:attachment":[{"href":"http:\/\/www.jasiunupagrindine.salcininkai.lm.lt\/index.php?rest_route=%2Fwp%2Fv2%2Fmedia&parent=10466"}],"wp:term":[{"taxonomy":"category","embeddable":true,"href":"http:\/\/www.jasiunupagrindine.salcininkai.lm.lt\/index.php?rest_route=%2Fwp%2Fv2%2Fcategories&post=10466"},{"taxonomy":"post_tag","embeddable":true,"href":"http:\/\/www.jasiunupagrindine.salcininkai.lm.lt\/index.php?rest_route=%2Fwp%2Fv2%2Ftags&post=10466"}],"curies":[{"name":"wp","href":"https:\/\/api.w.org\/{rel}","templated":true}]}}