{"id":10589,"date":"2021-02-15T18:40:12","date_gmt":"2021-02-15T16:40:12","guid":{"rendered":"http:\/\/www.jasiunupagrindine.salcininkai.lm.lt\/?p=10589"},"modified":"2021-02-15T18:40:12","modified_gmt":"2021-02-15T16:40:12","slug":"10589","status":"publish","type":"post","link":"http:\/\/www.jasiunupagrindine.salcininkai.lm.lt\/?p=10589","title":{"rendered":""},"content":{"rendered":"<p style=\"text-align: center;\"><strong><span style=\"font-family: 'times new roman', times, serif; font-size: 12pt;\">Sveikinimai Lietuvai<\/span><\/strong><\/p>\n<p style=\"text-align: justify;\"><span style=\"font-family: 'times new roman', times, serif; font-size: 12pt;\">Prie\u0161 atostogas 2 klas\u0117s mokiniai kartu su klas\u0117s aukl\u0117toja ir lietuvi\u0173 kalbos mokytoja kalb\u0117jo apie art\u0117jan\u010di\u0105 \u0161vent\u0119 \u2013 Lietuvos valstyb\u0117s atk\u016brimo dien\u0105. <\/span><\/p>\n<p style=\"text-align: justify;\"><span style=\"font-family: 'times new roman', times, serif; font-size: 12pt;\">Vis\u0105 savait\u0119 mokiniai kalb\u0117jo, pie\u0161\u0117, klijavo, mok\u0117si deklamuoti eil\u0117ra\u0161\u010dius, pyn\u0117 juostas, dainavo dainas&nbsp;<\/span><span style=\"font-family: 'times new roman', times, serif; font-size: 12pt;\">apie Lietuv\u0105 ir Lietuvai.<\/span><\/p>\n<p><span style=\"font-family: 'times new roman', times, serif; font-size: 12pt;\">&nbsp; &nbsp; &nbsp; &nbsp; &nbsp; &nbsp; &nbsp; &nbsp; &nbsp; &nbsp; &nbsp; &nbsp; &nbsp; &nbsp; &nbsp; &nbsp; &nbsp; &nbsp; &nbsp; &nbsp; &nbsp; &nbsp; &nbsp;Kl.aukl\u0117toja Svetlana Korot\u010denko ir liet.k.mokytoja Jelena By\u010dinskien\u0117<\/span><\/p>\nngg_shortcode_0_placeholder\n","protected":false},"excerpt":{"rendered":"<p>Sveikinimai Lietuvai Prie\u0161 atostogas 2 klas\u0117s mokiniai kartu su klas\u0117s aukl\u0117toja ir lietuvi\u0173 kalbos mokytoja kalb\u0117jo apie art\u0117jan\u010di\u0105 \u0161vent\u0119 \u2013 Lietuvos valstyb\u0117s atk\u016brimo dien\u0105. Vis\u0105 savait\u0119 mokiniai kalb\u0117jo, pie\u0161\u0117, klijavo, mok\u0117si deklamuoti eil\u0117ra\u0161\u010dius, pyn\u0117 juostas, dainavo dainas&nbsp;apie Lietuv\u0105 ir Lietuvai. &hellip; <a href=\"http:\/\/www.jasiunupagrindine.salcininkai.lm.lt\/?p=10589\">Skaitykite toliau <span class=\"meta-nav\">&rarr;<\/span><\/a><\/p>\n","protected":false},"author":5,"featured_media":0,"comment_status":"closed","ping_status":"closed","sticky":false,"template":"","format":"standard","meta":{"ngg_post_thumbnail":0,"footnotes":""},"categories":[1],"tags":[],"class_list":["post-10589","post","type-post","status-publish","format-standard","hentry","category-mes-ir-mokykla"],"_links":{"self":[{"href":"http:\/\/www.jasiunupagrindine.salcininkai.lm.lt\/index.php?rest_route=\/wp\/v2\/posts\/10589","targetHints":{"allow":["GET"]}}],"collection":[{"href":"http:\/\/www.jasiunupagrindine.salcininkai.lm.lt\/index.php?rest_route=\/wp\/v2\/posts"}],"about":[{"href":"http:\/\/www.jasiunupagrindine.salcininkai.lm.lt\/index.php?rest_route=\/wp\/v2\/types\/post"}],"author":[{"embeddable":true,"href":"http:\/\/www.jasiunupagrindine.salcininkai.lm.lt\/index.php?rest_route=\/wp\/v2\/users\/5"}],"replies":[{"embeddable":true,"href":"http:\/\/www.jasiunupagrindine.salcininkai.lm.lt\/index.php?rest_route=%2Fwp%2Fv2%2Fcomments&post=10589"}],"version-history":[{"count":2,"href":"http:\/\/www.jasiunupagrindine.salcininkai.lm.lt\/index.php?rest_route=\/wp\/v2\/posts\/10589\/revisions"}],"predecessor-version":[{"id":10603,"href":"http:\/\/www.jasiunupagrindine.salcininkai.lm.lt\/index.php?rest_route=\/wp\/v2\/posts\/10589\/revisions\/10603"}],"wp:attachment":[{"href":"http:\/\/www.jasiunupagrindine.salcininkai.lm.lt\/index.php?rest_route=%2Fwp%2Fv2%2Fmedia&parent=10589"}],"wp:term":[{"taxonomy":"category","embeddable":true,"href":"http:\/\/www.jasiunupagrindine.salcininkai.lm.lt\/index.php?rest_route=%2Fwp%2Fv2%2Fcategories&post=10589"},{"taxonomy":"post_tag","embeddable":true,"href":"http:\/\/www.jasiunupagrindine.salcininkai.lm.lt\/index.php?rest_route=%2Fwp%2Fv2%2Ftags&post=10589"}],"curies":[{"name":"wp","href":"https:\/\/api.w.org\/{rel}","templated":true}]}}