{"id":10604,"date":"2021-02-18T11:16:54","date_gmt":"2021-02-18T09:16:54","guid":{"rendered":"http:\/\/www.jasiunupagrindine.salcininkai.lm.lt\/?p=10604"},"modified":"2021-02-18T11:35:35","modified_gmt":"2021-02-18T09:35:35","slug":"10604","status":"publish","type":"post","link":"http:\/\/www.jasiunupagrindine.salcininkai.lm.lt\/?p=10604","title":{"rendered":""},"content":{"rendered":"<p style=\"text-align: center;\"><strong><span style=\"font-family: 'times new roman', times, serif;\">Konkursas &#8222;\u017diemos fantazijos&#8221;<\/span><\/strong><\/p>\n<p style=\"text-align: justify;\"><span style=\"font-family: 'times new roman', times, serif;\">\u0160iais metais, pagaliau sulauk\u0119 tikros \u017eiemos, organizavome nuotrauk\u0173 konkurs\u0105 &#8222;\u017diemos fantazijos&#8221;, kurio tikslai&nbsp; &#8211; ugdyti mokini\u0173 k\u016brybinius geb\u0117jimus, stiprinti t\u0117v\u0173, vaik\u0173 ir mokytoj\u0173 bendradarbiavim\u0105.<\/span><\/p>\n<p style=\"text-align: justify;\"><span style=\"font-family: 'times new roman', times, serif;\">Konkurse dalyvavo 0-10 klasi\u0173 mokiniai. Nuotrauk\u0173 temas mokiniai gal\u0117jo pasirinkti patys. D\u017eiugu, kad konkurse dalyvavo labai daug mokini\u0173, nuo pa\u010di\u0173 ma\u017eiausi\u0173 iki vyriausi\u0173. Nors konkurso komisijai buvo sunku i\u0161rinkti geriausius darbus, nes \u012f viet\u0105 pretendavo net keli darbai, pavyko atrinkti laim\u0117tojus:<\/span><\/p>\n<p style=\"text-align: justify;\"><span style=\"font-family: 'times new roman', times, serif;\"><strong>0-1 klasi\u0173 kategorijos laim\u0117tojai:<\/strong><\/span><\/p>\n<p style=\"text-align: justify;\"><span style=\"font-family: 'times new roman', times, serif;\">I vieta &#8211; Margarita Stupak (0 kl.) &#8221; \u041c\u043e\u0440\u043e\u0437\u043d\u044b\u0439 \u043b\u0435\u0434\u0435\u043d\u0435\u0446&#8221;.<\/span><\/p>\n<p style=\"text-align: justify;\"><span style=\"font-family: 'times new roman', times, serif;\">II vieta &#8211; Nazar Stupak (1 kl.) &#8222;\u0412\u043e\u043b\u0448\u0435\u0431\u043d\u0438\u0446\u0430 \u0437\u0438\u043c\u0430&#8221;.<\/span><\/p>\n<p style=\"text-align: justify;\"><span style=\"font-family: 'times new roman', times, serif;\">III vieta &#8211; Milana Sivinskaja (0 kl.) &#8222;\u0417\u0438\u043c\u043d\u0438\u0435 \u0437\u0430\u0431\u0430\u0432\u044b&#8221;.<\/span><\/p>\n<p style=\"text-align: justify;\"><span style=\"font-family: 'times new roman', times, serif;\"><strong>2-4 klasi\u0173 kategorijos laim\u0117tojai:<\/strong><\/span><\/p>\n<p style=\"text-align: justify;\"><span style=\"font-family: 'times new roman', times, serif;\">I vieta &#8211; Maksim Kolesnikov (2 kl.) &#8222;\u0411\u0440\u043e\u0441\u044c\u0442\u0435 \u0433\u043e\u0440\u0441\u0442\u043e\u0447\u043a\u0443 \u0437\u0435\u0440\u043d\u0430&#8221;.<\/span><\/p>\n<p style=\"text-align: justify;\"><span style=\"font-family: 'times new roman', times, serif;\">II vieta &#8211; Aleksej \u0160eviakov (2kl.) &#8222;\u041f\u043e\u0434 \u0448\u0430\u043f\u043a\u043e\u0439&#8221;.<\/span><\/p>\n<p style=\"text-align: justify;\"><span style=\"font-family: 'times new roman', times, serif;\">III vieta &#8211;&nbsp; Dinara Av\u0117nait\u0117 (3kl.) &#8222;\u041d\u0430\u0448\u0430 \u0431\u043e\u043b\u044c\u0448\u0430\u044f \u0441\u0435\u043c\u044c\u044f&#8221;.<\/span><\/p>\n<p style=\"text-align: justify;\"><span style=\"font-family: 'times new roman', times, serif;\"><strong>5-8&nbsp; klasi\u0173 kategorijos laim\u0117tojai:<\/strong><\/span><\/p>\n<p style=\"text-align: justify;\"><span style=\"font-family: 'times new roman', times, serif;\">I vieta &#8211; Ilja Martianov (7 kl.) &#8222;\u041b\u0443\u0447\u0438\u043a \u0441\u043e\u043b\u043d\u0446\u0430&#8221;.<\/span><\/p>\n<p style=\"text-align: justify;\"><span style=\"font-family: 'times new roman', times, serif;\">II vieta &#8211; Pavel Martianov (8 kl.) &#8222;\u041c\u043e\u0436\u0435\u0442 \u0438\u0441\u043a\u0443\u043f\u0430\u0435\u043c\u0441\u044f?&#8221;.<\/span><\/p>\n<p style=\"text-align: justify;\"><span style=\"font-family: 'times new roman', times, serif;\">III vieta &#8211; Daniel Misevi\u010d (6 kl.) &#8222;\u041d\u0430\u0448\u0430 \u0443\u043b\u0438\u0446\u0430&#8221;.<\/span><\/p>\n<p style=\"text-align: justify;\"><span style=\"font-family: 'times new roman', times, serif;\"><strong>9-10 klasi\u0173 kategorijos laim\u0117tojai:<\/strong><\/span><\/p>\n<p style=\"text-align: justify;\"><span style=\"font-family: 'times new roman', times, serif;\">I vieta &#8211; Maksimas Macutkevi\u010dius (10 kl.) &#8222;\u0412\u0430\u043b\u044c\u043a\u0438\u0440\u0438\u044f&#8221;.<\/span><\/p>\n<p style=\"text-align: justify;\"><span style=\"font-family: 'times new roman', times, serif;\">II vieta &#8211; Michail \u0160eviakov (10 kl.) &#8222;\u0417\u0438\u043c\u043d\u0438\u0439 \u0432\u0435\u0447\u0435\u0440&#8221;.<\/span><\/p>\n<p style=\"text-align: justify;\"><span style=\"font-family: 'times new roman', times, serif;\">III vieta &#8211; Artiom Trifonov &#8222;\u041a\u0430\u043b\u0438\u043d\u0430&#8221;.<\/span><\/p>\n<p><span style=\"font-family: 'times new roman', times, serif;\">Sveikiname konkurso nugal\u0117tojus! Vis\u0173 konkurso dalyvi\u0173 laukia diplomai, o nugal\u0117toj\u0173 &#8211; dovanos!<\/span><\/p>\n<p>A\u010di\u016b, kad dalyvavote!<\/p>\n<p style=\"text-align: right;\"><span style=\"font-family: 'times new roman', times, serif;\">Mokytoja V. \u017dukovska<\/span><\/p>\n<p><iframe loading=\"lazy\" title=\"\u017dIEMOS FANTAZIJOS\" width=\"640\" height=\"360\" src=\"https:\/\/www.youtube.com\/embed\/cTJRCiq6wLY?feature=oembed\" frameborder=\"0\" allow=\"accelerometer; autoplay; clipboard-write; encrypted-media; gyroscope; picture-in-picture; web-share\" referrerpolicy=\"strict-origin-when-cross-origin\" allowfullscreen><\/iframe><\/p>\n<p>&nbsp;<\/p>\n","protected":false},"excerpt":{"rendered":"<p>Konkursas &#8222;\u017diemos fantazijos&#8221; \u0160iais metais, pagaliau sulauk\u0119 tikros \u017eiemos, organizavome nuotrauk\u0173 konkurs\u0105 &#8222;\u017diemos fantazijos&#8221;, kurio tikslai&nbsp; &#8211; ugdyti mokini\u0173 k\u016brybinius geb\u0117jimus, stiprinti t\u0117v\u0173, vaik\u0173 ir mokytoj\u0173 bendradarbiavim\u0105. Konkurse dalyvavo 0-10 klasi\u0173 mokiniai. Nuotrauk\u0173 temas mokiniai gal\u0117jo pasirinkti patys. D\u017eiugu, kad &hellip; <a href=\"http:\/\/www.jasiunupagrindine.salcininkai.lm.lt\/?p=10604\">Skaitykite toliau <span class=\"meta-nav\">&rarr;<\/span><\/a><\/p>\n","protected":false},"author":5,"featured_media":0,"comment_status":"closed","ping_status":"closed","sticky":false,"template":"","format":"standard","meta":{"ngg_post_thumbnail":0,"footnotes":""},"categories":[1],"tags":[],"class_list":["post-10604","post","type-post","status-publish","format-standard","hentry","category-mes-ir-mokykla"],"_links":{"self":[{"href":"http:\/\/www.jasiunupagrindine.salcininkai.lm.lt\/index.php?rest_route=\/wp\/v2\/posts\/10604","targetHints":{"allow":["GET"]}}],"collection":[{"href":"http:\/\/www.jasiunupagrindine.salcininkai.lm.lt\/index.php?rest_route=\/wp\/v2\/posts"}],"about":[{"href":"http:\/\/www.jasiunupagrindine.salcininkai.lm.lt\/index.php?rest_route=\/wp\/v2\/types\/post"}],"author":[{"embeddable":true,"href":"http:\/\/www.jasiunupagrindine.salcininkai.lm.lt\/index.php?rest_route=\/wp\/v2\/users\/5"}],"replies":[{"embeddable":true,"href":"http:\/\/www.jasiunupagrindine.salcininkai.lm.lt\/index.php?rest_route=%2Fwp%2Fv2%2Fcomments&post=10604"}],"version-history":[{"count":5,"href":"http:\/\/www.jasiunupagrindine.salcininkai.lm.lt\/index.php?rest_route=\/wp\/v2\/posts\/10604\/revisions"}],"predecessor-version":[{"id":10609,"href":"http:\/\/www.jasiunupagrindine.salcininkai.lm.lt\/index.php?rest_route=\/wp\/v2\/posts\/10604\/revisions\/10609"}],"wp:attachment":[{"href":"http:\/\/www.jasiunupagrindine.salcininkai.lm.lt\/index.php?rest_route=%2Fwp%2Fv2%2Fmedia&parent=10604"}],"wp:term":[{"taxonomy":"category","embeddable":true,"href":"http:\/\/www.jasiunupagrindine.salcininkai.lm.lt\/index.php?rest_route=%2Fwp%2Fv2%2Fcategories&post=10604"},{"taxonomy":"post_tag","embeddable":true,"href":"http:\/\/www.jasiunupagrindine.salcininkai.lm.lt\/index.php?rest_route=%2Fwp%2Fv2%2Ftags&post=10604"}],"curies":[{"name":"wp","href":"https:\/\/api.w.org\/{rel}","templated":true}]}}