{"id":10630,"date":"2021-02-19T09:50:42","date_gmt":"2021-02-19T07:50:42","guid":{"rendered":"http:\/\/www.jasiunupagrindine.salcininkai.lm.lt\/?p=10630"},"modified":"2021-02-19T09:50:42","modified_gmt":"2021-02-19T07:50:42","slug":"10630","status":"publish","type":"post","link":"http:\/\/www.jasiunupagrindine.salcininkai.lm.lt\/?p=10630","title":{"rendered":""},"content":{"rendered":"<p style=\"text-align: center;\"><strong><span style=\"font-family: 'times new roman', times, serif; font-size: 12pt;\">Respublikinis vaik\u0173 ir jaunimo konkursas &#8222;Kas man yra ekologija&#8221;<\/span><\/strong><\/p>\n<p style=\"text-align: justify;\"><span style=\"font-family: 'times new roman', times, serif; font-size: 12pt;\">Amelija Kuznetsova, 1-os klas\u0117s mokin\u0117, laim\u0117jo I viet\u0105 respublikiniame vaik\u0173 ir jaunimo konkurse &#8222;Kas man yra ekologija&#8221;.<\/span><\/p>\n<p style=\"text-align: justify;\"><span style=\"font-family: 'times new roman', times, serif; font-size: 12pt;\"> Amelija labai domisi ekologija, aplinkos saugojimu, aplinkos tar\u0161os ma\u017einimu. Ji ra\u0161\u0117, kad ekologija&nbsp; &#8211; tai \u0161varus oras, vanduo, \u0161vari planeta, kurios negalima ter\u0161ti. Planetos ekologija priklauso nuo pa\u010di\u0173 \u017emoni\u0173. <\/span><\/p>\n<p style=\"text-align: justify;\"><span style=\"font-family: 'times new roman', times, serif; font-size: 12pt;\">Jos pie\u0161inys &#8222;\u0160varus pasaulis &#8221; buvo ivertintas auk\u0161\u010diausiais balais. Jaunoji nugal\u0117toja gavo pukias dovanas.<\/span><\/p>\n<p style=\"text-align: right;\"><span style=\"font-family: 'times new roman', times, serif; font-size: 12pt;\">Klas\u0117s aukl\u0117toja I. Saulien\u0117<\/span><\/p>\n<p><img loading=\"lazy\" decoding=\"async\" class=\"alignnone size-medium wp-image-10631\" src=\"http:\/\/www.jasiunupagrindine.salcininkai.lm.lt\/wp-content\/uploads\/2021\/02\/151832870_426499528616819_8434794553963700716_n-225x300.jpg\" alt=\"\" width=\"225\" height=\"300\" srcset=\"http:\/\/www.jasiunupagrindine.salcininkai.lm.lt\/wp-content\/uploads\/2021\/02\/151832870_426499528616819_8434794553963700716_n-225x300.jpg 225w, http:\/\/www.jasiunupagrindine.salcininkai.lm.lt\/wp-content\/uploads\/2021\/02\/151832870_426499528616819_8434794553963700716_n-113x150.jpg 113w, http:\/\/www.jasiunupagrindine.salcininkai.lm.lt\/wp-content\/uploads\/2021\/02\/151832870_426499528616819_8434794553963700716_n.jpg 600w\" sizes=\"auto, (max-width: 225px) 100vw, 225px\" \/><\/p>\n","protected":false},"excerpt":{"rendered":"<p>Respublikinis vaik\u0173 ir jaunimo konkursas &#8222;Kas man yra ekologija&#8221; Amelija Kuznetsova, 1-os klas\u0117s mokin\u0117, laim\u0117jo I viet\u0105 respublikiniame vaik\u0173 ir jaunimo konkurse &#8222;Kas man yra ekologija&#8221;. Amelija labai domisi ekologija, aplinkos saugojimu, aplinkos tar\u0161os ma\u017einimu. Ji ra\u0161\u0117, kad ekologija&nbsp; &#8211; &hellip; <a href=\"http:\/\/www.jasiunupagrindine.salcininkai.lm.lt\/?p=10630\">Skaitykite toliau <span class=\"meta-nav\">&rarr;<\/span><\/a><\/p>\n","protected":false},"author":5,"featured_media":0,"comment_status":"closed","ping_status":"closed","sticky":false,"template":"","format":"standard","meta":{"ngg_post_thumbnail":0,"footnotes":""},"categories":[1],"tags":[],"class_list":["post-10630","post","type-post","status-publish","format-standard","hentry","category-mes-ir-mokykla"],"_links":{"self":[{"href":"http:\/\/www.jasiunupagrindine.salcininkai.lm.lt\/index.php?rest_route=\/wp\/v2\/posts\/10630","targetHints":{"allow":["GET"]}}],"collection":[{"href":"http:\/\/www.jasiunupagrindine.salcininkai.lm.lt\/index.php?rest_route=\/wp\/v2\/posts"}],"about":[{"href":"http:\/\/www.jasiunupagrindine.salcininkai.lm.lt\/index.php?rest_route=\/wp\/v2\/types\/post"}],"author":[{"embeddable":true,"href":"http:\/\/www.jasiunupagrindine.salcininkai.lm.lt\/index.php?rest_route=\/wp\/v2\/users\/5"}],"replies":[{"embeddable":true,"href":"http:\/\/www.jasiunupagrindine.salcininkai.lm.lt\/index.php?rest_route=%2Fwp%2Fv2%2Fcomments&post=10630"}],"version-history":[{"count":1,"href":"http:\/\/www.jasiunupagrindine.salcininkai.lm.lt\/index.php?rest_route=\/wp\/v2\/posts\/10630\/revisions"}],"predecessor-version":[{"id":10632,"href":"http:\/\/www.jasiunupagrindine.salcininkai.lm.lt\/index.php?rest_route=\/wp\/v2\/posts\/10630\/revisions\/10632"}],"wp:attachment":[{"href":"http:\/\/www.jasiunupagrindine.salcininkai.lm.lt\/index.php?rest_route=%2Fwp%2Fv2%2Fmedia&parent=10630"}],"wp:term":[{"taxonomy":"category","embeddable":true,"href":"http:\/\/www.jasiunupagrindine.salcininkai.lm.lt\/index.php?rest_route=%2Fwp%2Fv2%2Fcategories&post=10630"},{"taxonomy":"post_tag","embeddable":true,"href":"http:\/\/www.jasiunupagrindine.salcininkai.lm.lt\/index.php?rest_route=%2Fwp%2Fv2%2Ftags&post=10630"}],"curies":[{"name":"wp","href":"https:\/\/api.w.org\/{rel}","templated":true}]}}