{"id":10661,"date":"2021-02-26T19:16:10","date_gmt":"2021-02-26T17:16:10","guid":{"rendered":"http:\/\/www.jasiunupagrindine.salcininkai.lm.lt\/?p=10661"},"modified":"2021-02-26T19:16:10","modified_gmt":"2021-02-26T17:16:10","slug":"10661","status":"publish","type":"post","link":"http:\/\/www.jasiunupagrindine.salcininkai.lm.lt\/?p=10661","title":{"rendered":""},"content":{"rendered":"<p style=\"text-align: center;\"><strong><span style=\"font-family: 'times new roman', times, serif; font-size: 12pt;\">K\u016brybini\u0173 darb\u0173 paroda \u201eLietuvi\u0173 liaudies pasakos. Skaitau ir pie\u0161iu\u201c<\/span><\/strong><\/p>\n<p style=\"text-align: justify;\"><span style=\"font-family: 'times new roman', times, serif; font-size: 12pt;\">Pasaulyje yra daugyb\u0117 skirting\u0173 pasak\u0173: li\u016bdn\u0173 ir juoking\u0173, ger\u0173 ir d\u017eiaugsming\u0173. Pasakos padeda svajoti, d\u017eiaugtis, myl\u0117ti. <\/span><\/p>\n<p style=\"text-align: justify;\"><span style=\"font-family: 'times new roman', times, serif; font-size: 12pt;\">Vasario m\u0117nes\u012f tre\u010dios klas\u0117s mokiniai dalyvavo vaik\u0173 k\u016brybini\u0173 darb\u0173 parodoje \u201eLietuvi\u0173 liaudies pasakos. Skaitau ir pie\u0161iu\u201c. Parod\u0105 organizavo \u0160al\u010dinink\u0117li\u0173 biblioteka. Visi parodoje dalyvav\u0119 mokiniai gavo dovan\u0117les.<\/span><\/p>\n<p style=\"text-align: justify;\"><span style=\"font-family: 'times new roman', times, serif; font-size: 12pt;\">D\u0117kojame \u0160al\u010dinink\u0117li\u0173 bibliotekos ved\u0117jai Veronikai Markevi\u010d u\u017e kvietim\u0105 dalyvauti parodoje ir galimyb\u0119 patirti pasak\u0173 stebuklus. O vaikams linkiu niekada nesiskirti su pasakomis.<\/span><\/p>\n<p style=\"text-align: right;\"><span style=\"font-family: 'times new roman', times, serif; font-size: 12pt;\">&nbsp;&nbsp;&nbsp;&nbsp;&nbsp;&nbsp;&nbsp;&nbsp;&nbsp;&nbsp;&nbsp;&nbsp;&nbsp;&nbsp;&nbsp;&nbsp;&nbsp;&nbsp;&nbsp;&nbsp;&nbsp;&nbsp;&nbsp;&nbsp;&nbsp;&nbsp;&nbsp;&nbsp;&nbsp;&nbsp;&nbsp;&nbsp;&nbsp;&nbsp;&nbsp;&nbsp;&nbsp;&nbsp;&nbsp;&nbsp;&nbsp;&nbsp;&nbsp;&nbsp;&nbsp;&nbsp;&nbsp;&nbsp;&nbsp;&nbsp;&nbsp;&nbsp;&nbsp;&nbsp;&nbsp;&nbsp;&nbsp;&nbsp;&nbsp; Pradini\u0173 klasi\u0173 mokytoja Irena Michalovskaja<\/span><\/p>\nngg_shortcode_0_placeholder\n","protected":false},"excerpt":{"rendered":"<p>K\u016brybini\u0173 darb\u0173 paroda \u201eLietuvi\u0173 liaudies pasakos. Skaitau ir pie\u0161iu\u201c Pasaulyje yra daugyb\u0117 skirting\u0173 pasak\u0173: li\u016bdn\u0173 ir juoking\u0173, ger\u0173 ir d\u017eiaugsming\u0173. Pasakos padeda svajoti, d\u017eiaugtis, myl\u0117ti. Vasario m\u0117nes\u012f tre\u010dios klas\u0117s mokiniai dalyvavo vaik\u0173 k\u016brybini\u0173 darb\u0173 parodoje \u201eLietuvi\u0173 liaudies pasakos. Skaitau ir &hellip; <a href=\"http:\/\/www.jasiunupagrindine.salcininkai.lm.lt\/?p=10661\">Skaitykite toliau <span class=\"meta-nav\">&rarr;<\/span><\/a><\/p>\n","protected":false},"author":5,"featured_media":0,"comment_status":"closed","ping_status":"closed","sticky":false,"template":"","format":"standard","meta":{"ngg_post_thumbnail":0,"footnotes":""},"categories":[1],"tags":[],"class_list":["post-10661","post","type-post","status-publish","format-standard","hentry","category-mes-ir-mokykla"],"_links":{"self":[{"href":"http:\/\/www.jasiunupagrindine.salcininkai.lm.lt\/index.php?rest_route=\/wp\/v2\/posts\/10661","targetHints":{"allow":["GET"]}}],"collection":[{"href":"http:\/\/www.jasiunupagrindine.salcininkai.lm.lt\/index.php?rest_route=\/wp\/v2\/posts"}],"about":[{"href":"http:\/\/www.jasiunupagrindine.salcininkai.lm.lt\/index.php?rest_route=\/wp\/v2\/types\/post"}],"author":[{"embeddable":true,"href":"http:\/\/www.jasiunupagrindine.salcininkai.lm.lt\/index.php?rest_route=\/wp\/v2\/users\/5"}],"replies":[{"embeddable":true,"href":"http:\/\/www.jasiunupagrindine.salcininkai.lm.lt\/index.php?rest_route=%2Fwp%2Fv2%2Fcomments&post=10661"}],"version-history":[{"count":1,"href":"http:\/\/www.jasiunupagrindine.salcininkai.lm.lt\/index.php?rest_route=\/wp\/v2\/posts\/10661\/revisions"}],"predecessor-version":[{"id":10662,"href":"http:\/\/www.jasiunupagrindine.salcininkai.lm.lt\/index.php?rest_route=\/wp\/v2\/posts\/10661\/revisions\/10662"}],"wp:attachment":[{"href":"http:\/\/www.jasiunupagrindine.salcininkai.lm.lt\/index.php?rest_route=%2Fwp%2Fv2%2Fmedia&parent=10661"}],"wp:term":[{"taxonomy":"category","embeddable":true,"href":"http:\/\/www.jasiunupagrindine.salcininkai.lm.lt\/index.php?rest_route=%2Fwp%2Fv2%2Fcategories&post=10661"},{"taxonomy":"post_tag","embeddable":true,"href":"http:\/\/www.jasiunupagrindine.salcininkai.lm.lt\/index.php?rest_route=%2Fwp%2Fv2%2Ftags&post=10661"}],"curies":[{"name":"wp","href":"https:\/\/api.w.org\/{rel}","templated":true}]}}