{"id":10674,"date":"2021-03-10T12:28:25","date_gmt":"2021-03-10T10:28:25","guid":{"rendered":"http:\/\/www.jasiunupagrindine.salcininkai.lm.lt\/?p=10674"},"modified":"2021-03-10T12:28:25","modified_gmt":"2021-03-10T10:28:25","slug":"10674","status":"publish","type":"post","link":"http:\/\/www.jasiunupagrindine.salcininkai.lm.lt\/?p=10674","title":{"rendered":""},"content":{"rendered":"<p style=\"text-align: center;\"><span style=\"font-family: 'times new roman', times, serif;\"><strong>Minime Laisv\u0119<\/strong><\/span><\/p>\n<p style=\"text-align: justify;\"><span style=\"font-family: 'times new roman', times, serif;\">Kovo 11-oji \u2013 Lietuvos nepriklausomyb\u0117s atk\u016brimo diena. Diena, kurios buvo siekiama, kuri suvienijo taut\u0105 ir u\u017edeg\u0117 \u0161irdis, \u012fkv\u0117p\u0117 stipryb\u0117s ir vienyb\u0117s jausm\u0105, i\u0161pild\u0117 \u012fgimt\u0105 laisv\u0117s tro\u0161kim\u0105. Tad ir&nbsp;\u0161iandien nepraraskime tikslo, kuris mus jungt\u0173 jau laisvoje \u0161alyje: pagarbos&nbsp;vieni kitiems, vienyb\u0117s&nbsp;ir gerov\u0117s siekio. Myl\u0117kime ir tik\u0117kime ateities Lietuva, nes valstyb\u0119 tur\u0117sime toki\u0105, kokie b\u016bsime patys. Su kovo 11-\u0105ja!<\/span><\/p>\n<div style=\"width: 640px;\" class=\"wp-video\"><!--[if lt IE 9]><script>document.createElement('video');<\/script><![endif]-->\n<video class=\"wp-video-shortcode\" id=\"video-10674-1\" width=\"640\" height=\"360\" preload=\"metadata\" controls=\"controls\"><source type=\"video\/mp4\" src=\"http:\/\/www.jasiunupagrindine.salcininkai.lm.lt\/wp-content\/uploads\/2021\/03\/Kovo-11-oji.mp4?_=1\" \/><a href=\"http:\/\/www.jasiunupagrindine.salcininkai.lm.lt\/wp-content\/uploads\/2021\/03\/Kovo-11-oji.mp4\">http:\/\/www.jasiunupagrindine.salcininkai.lm.lt\/wp-content\/uploads\/2021\/03\/Kovo-11-oji.mp4<\/a><\/video><\/div>\n<p style=\"text-align: right;\"><span style=\"font-family: 'times new roman', times, serif;\">&nbsp;Mokytoja R.Kavaliauskien\u0117<\/span><\/p>\n<p>&nbsp;<\/p>\n","protected":false},"excerpt":{"rendered":"<p>Minime Laisv\u0119 Kovo 11-oji \u2013 Lietuvos nepriklausomyb\u0117s atk\u016brimo diena. Diena, kurios buvo siekiama, kuri suvienijo taut\u0105 ir u\u017edeg\u0117 \u0161irdis, \u012fkv\u0117p\u0117 stipryb\u0117s ir vienyb\u0117s jausm\u0105, i\u0161pild\u0117 \u012fgimt\u0105 laisv\u0117s tro\u0161kim\u0105. Tad ir&nbsp;\u0161iandien nepraraskime tikslo, kuris mus jungt\u0173 jau laisvoje \u0161alyje: pagarbos&nbsp;vieni kitiems, &hellip; <a href=\"http:\/\/www.jasiunupagrindine.salcininkai.lm.lt\/?p=10674\">Skaitykite toliau <span class=\"meta-nav\">&rarr;<\/span><\/a><\/p>\n","protected":false},"author":5,"featured_media":0,"comment_status":"closed","ping_status":"closed","sticky":false,"template":"","format":"standard","meta":{"ngg_post_thumbnail":0,"footnotes":""},"categories":[1],"tags":[],"class_list":["post-10674","post","type-post","status-publish","format-standard","hentry","category-mes-ir-mokykla"],"_links":{"self":[{"href":"http:\/\/www.jasiunupagrindine.salcininkai.lm.lt\/index.php?rest_route=\/wp\/v2\/posts\/10674","targetHints":{"allow":["GET"]}}],"collection":[{"href":"http:\/\/www.jasiunupagrindine.salcininkai.lm.lt\/index.php?rest_route=\/wp\/v2\/posts"}],"about":[{"href":"http:\/\/www.jasiunupagrindine.salcininkai.lm.lt\/index.php?rest_route=\/wp\/v2\/types\/post"}],"author":[{"embeddable":true,"href":"http:\/\/www.jasiunupagrindine.salcininkai.lm.lt\/index.php?rest_route=\/wp\/v2\/users\/5"}],"replies":[{"embeddable":true,"href":"http:\/\/www.jasiunupagrindine.salcininkai.lm.lt\/index.php?rest_route=%2Fwp%2Fv2%2Fcomments&post=10674"}],"version-history":[{"count":1,"href":"http:\/\/www.jasiunupagrindine.salcininkai.lm.lt\/index.php?rest_route=\/wp\/v2\/posts\/10674\/revisions"}],"predecessor-version":[{"id":10676,"href":"http:\/\/www.jasiunupagrindine.salcininkai.lm.lt\/index.php?rest_route=\/wp\/v2\/posts\/10674\/revisions\/10676"}],"wp:attachment":[{"href":"http:\/\/www.jasiunupagrindine.salcininkai.lm.lt\/index.php?rest_route=%2Fwp%2Fv2%2Fmedia&parent=10674"}],"wp:term":[{"taxonomy":"category","embeddable":true,"href":"http:\/\/www.jasiunupagrindine.salcininkai.lm.lt\/index.php?rest_route=%2Fwp%2Fv2%2Fcategories&post=10674"},{"taxonomy":"post_tag","embeddable":true,"href":"http:\/\/www.jasiunupagrindine.salcininkai.lm.lt\/index.php?rest_route=%2Fwp%2Fv2%2Ftags&post=10674"}],"curies":[{"name":"wp","href":"https:\/\/api.w.org\/{rel}","templated":true}]}}