{"id":10677,"date":"2021-03-11T19:34:36","date_gmt":"2021-03-11T17:34:36","guid":{"rendered":"http:\/\/www.jasiunupagrindine.salcininkai.lm.lt\/?p=10677"},"modified":"2021-03-11T19:35:34","modified_gmt":"2021-03-11T17:35:34","slug":"10677","status":"publish","type":"post","link":"http:\/\/www.jasiunupagrindine.salcininkai.lm.lt\/?p=10677","title":{"rendered":""},"content":{"rendered":"<p style=\"text-align: center;\"><strong><span style=\"font-family: 'times new roman', times, serif; font-size: 12pt;\">Ra\u0161in\u0117li\u0173 konkurso &#8222;Kart\u0105 \u017eiem\u0105&#8230; &#8221; rezultatai<\/span><\/strong><\/p>\n<p style=\"text-align: justify;\"><span style=\"font-family: 'times new roman', times, serif; font-size: 12pt;\">Karantino metu tre\u010diokai netinginiavo. Mokiniai dalyvavo ra\u0161in\u0117li\u0173 konkurse \u201eKart\u0105 \u017eiem\u0105&#8230; &#8222;, kur\u012f organizavo Ja\u0161i\u016bn\u0173 miestelio biblioteka. Vaikai ra\u0161\u0117 trumpas, \u012fdomiausias savo istorijas, kurios nutiko \u017eiem\u0105.<\/span><\/p>\n<p style=\"text-align: justify;\"><span style=\"font-family: 'times new roman', times, serif; font-size: 12pt;\">Konkurso&nbsp; laim\u0117toja tapo Dinara Av\u0117nait\u0117, tre\u010dios klas\u0117s mokin\u0117. Mokykloje jos laukia dovana.<\/span><\/p>\n<p style=\"text-align: right;\"><span style=\"font-family: 'times new roman', times, serif; font-size: 12pt;\">&nbsp;&nbsp;&nbsp;&nbsp; Pradini\u0173 klasi\u0173 mokytoja Irena Michalovskaja<\/span><\/p>\nngg_shortcode_0_placeholder\n","protected":false},"excerpt":{"rendered":"<p>Ra\u0161in\u0117li\u0173 konkurso &#8222;Kart\u0105 \u017eiem\u0105&#8230; &#8221; rezultatai Karantino metu tre\u010diokai netinginiavo. Mokiniai dalyvavo ra\u0161in\u0117li\u0173 konkurse \u201eKart\u0105 \u017eiem\u0105&#8230; &#8222;, kur\u012f organizavo Ja\u0161i\u016bn\u0173 miestelio biblioteka. Vaikai ra\u0161\u0117 trumpas, \u012fdomiausias savo istorijas, kurios nutiko \u017eiem\u0105. Konkurso&nbsp; laim\u0117toja tapo Dinara Av\u0117nait\u0117, tre\u010dios klas\u0117s mokin\u0117. Mokykloje &hellip; <a href=\"http:\/\/www.jasiunupagrindine.salcininkai.lm.lt\/?p=10677\">Skaitykite toliau <span class=\"meta-nav\">&rarr;<\/span><\/a><\/p>\n","protected":false},"author":5,"featured_media":0,"comment_status":"closed","ping_status":"closed","sticky":false,"template":"","format":"standard","meta":{"ngg_post_thumbnail":0,"footnotes":""},"categories":[1],"tags":[],"class_list":["post-10677","post","type-post","status-publish","format-standard","hentry","category-mes-ir-mokykla"],"_links":{"self":[{"href":"http:\/\/www.jasiunupagrindine.salcininkai.lm.lt\/index.php?rest_route=\/wp\/v2\/posts\/10677","targetHints":{"allow":["GET"]}}],"collection":[{"href":"http:\/\/www.jasiunupagrindine.salcininkai.lm.lt\/index.php?rest_route=\/wp\/v2\/posts"}],"about":[{"href":"http:\/\/www.jasiunupagrindine.salcininkai.lm.lt\/index.php?rest_route=\/wp\/v2\/types\/post"}],"author":[{"embeddable":true,"href":"http:\/\/www.jasiunupagrindine.salcininkai.lm.lt\/index.php?rest_route=\/wp\/v2\/users\/5"}],"replies":[{"embeddable":true,"href":"http:\/\/www.jasiunupagrindine.salcininkai.lm.lt\/index.php?rest_route=%2Fwp%2Fv2%2Fcomments&post=10677"}],"version-history":[{"count":3,"href":"http:\/\/www.jasiunupagrindine.salcininkai.lm.lt\/index.php?rest_route=\/wp\/v2\/posts\/10677\/revisions"}],"predecessor-version":[{"id":10692,"href":"http:\/\/www.jasiunupagrindine.salcininkai.lm.lt\/index.php?rest_route=\/wp\/v2\/posts\/10677\/revisions\/10692"}],"wp:attachment":[{"href":"http:\/\/www.jasiunupagrindine.salcininkai.lm.lt\/index.php?rest_route=%2Fwp%2Fv2%2Fmedia&parent=10677"}],"wp:term":[{"taxonomy":"category","embeddable":true,"href":"http:\/\/www.jasiunupagrindine.salcininkai.lm.lt\/index.php?rest_route=%2Fwp%2Fv2%2Fcategories&post=10677"},{"taxonomy":"post_tag","embeddable":true,"href":"http:\/\/www.jasiunupagrindine.salcininkai.lm.lt\/index.php?rest_route=%2Fwp%2Fv2%2Ftags&post=10677"}],"curies":[{"name":"wp","href":"https:\/\/api.w.org\/{rel}","templated":true}]}}