{"id":10719,"date":"2021-03-12T20:43:23","date_gmt":"2021-03-12T18:43:23","guid":{"rendered":"http:\/\/www.jasiunupagrindine.salcininkai.lm.lt\/?p=10719"},"modified":"2021-03-12T20:44:29","modified_gmt":"2021-03-12T18:44:29","slug":"10719","status":"publish","type":"post","link":"http:\/\/www.jasiunupagrindine.salcininkai.lm.lt\/?p=10719","title":{"rendered":""},"content":{"rendered":"<p style=\"text-align: center;\"><strong><span style=\"font-family: 'times new roman', times, serif;\">Respublikin\u0117 vaik\u0173 pie\u0161ini\u0173 fotografij\u0173 virtuali paroda<\/span><\/strong><\/p>\n<p style=\"text-align: center;\"><strong><span style=\"font-family: 'times new roman', times, serif;\"> \u201eMano mylimiausias laukinis gyv\u016bnas\u201c<\/span><\/strong><\/p>\n<p style=\"text-align: justify;\"><span style=\"font-family: 'times new roman', times, serif;\">Pra\u0117jusi\u0105 savait\u0119 m\u016bs\u0173 mokyklos 2-os ir 3-os klasi\u0173 mokiniai dalyvavo Respublikin\u0117je vaik\u0173 pie\u0161ini\u0173 fotografij\u0173 parodoje \u201eMano mylimiausias laukinis gyv\u016bnas\u201c, kuri\u0105 organizavo Kauno Tado Ivanausko zoologijos muziejus.<\/span><\/p>\n<p style=\"text-align: justify;\"><span style=\"font-family: 'times new roman', times, serif;\">Mokiniams labai patiko pie\u0161ti gyv\u016bnus. Jie gra\u017eiai ir \u012fdomiai pavaizdavo pasirinkt\u0105 gyv\u016bn\u0105.<\/span><\/p>\n<p style=\"text-align: right;\"><span style=\"font-family: 'times new roman', times, serif;\">&nbsp;Pradini\u0173 klasi\u0173 mokytojos Irena Michalovskaja ir Svetlana Korot\u010denko<\/span><\/p>\nngg_shortcode_0_placeholder\n","protected":false},"excerpt":{"rendered":"<p>Respublikin\u0117 vaik\u0173 pie\u0161ini\u0173 fotografij\u0173 virtuali paroda \u201eMano mylimiausias laukinis gyv\u016bnas\u201c Pra\u0117jusi\u0105 savait\u0119 m\u016bs\u0173 mokyklos 2-os ir 3-os klasi\u0173 mokiniai dalyvavo Respublikin\u0117je vaik\u0173 pie\u0161ini\u0173 fotografij\u0173 parodoje \u201eMano mylimiausias laukinis gyv\u016bnas\u201c, kuri\u0105 organizavo Kauno Tado Ivanausko zoologijos muziejus. Mokiniams labai patiko pie\u0161ti &hellip; <a href=\"http:\/\/www.jasiunupagrindine.salcininkai.lm.lt\/?p=10719\">Skaitykite toliau <span class=\"meta-nav\">&rarr;<\/span><\/a><\/p>\n","protected":false},"author":5,"featured_media":0,"comment_status":"closed","ping_status":"closed","sticky":false,"template":"","format":"standard","meta":{"ngg_post_thumbnail":0,"footnotes":""},"categories":[1],"tags":[],"class_list":["post-10719","post","type-post","status-publish","format-standard","hentry","category-mes-ir-mokykla"],"_links":{"self":[{"href":"http:\/\/www.jasiunupagrindine.salcininkai.lm.lt\/index.php?rest_route=\/wp\/v2\/posts\/10719","targetHints":{"allow":["GET"]}}],"collection":[{"href":"http:\/\/www.jasiunupagrindine.salcininkai.lm.lt\/index.php?rest_route=\/wp\/v2\/posts"}],"about":[{"href":"http:\/\/www.jasiunupagrindine.salcininkai.lm.lt\/index.php?rest_route=\/wp\/v2\/types\/post"}],"author":[{"embeddable":true,"href":"http:\/\/www.jasiunupagrindine.salcininkai.lm.lt\/index.php?rest_route=\/wp\/v2\/users\/5"}],"replies":[{"embeddable":true,"href":"http:\/\/www.jasiunupagrindine.salcininkai.lm.lt\/index.php?rest_route=%2Fwp%2Fv2%2Fcomments&post=10719"}],"version-history":[{"count":2,"href":"http:\/\/www.jasiunupagrindine.salcininkai.lm.lt\/index.php?rest_route=\/wp\/v2\/posts\/10719\/revisions"}],"predecessor-version":[{"id":10721,"href":"http:\/\/www.jasiunupagrindine.salcininkai.lm.lt\/index.php?rest_route=\/wp\/v2\/posts\/10719\/revisions\/10721"}],"wp:attachment":[{"href":"http:\/\/www.jasiunupagrindine.salcininkai.lm.lt\/index.php?rest_route=%2Fwp%2Fv2%2Fmedia&parent=10719"}],"wp:term":[{"taxonomy":"category","embeddable":true,"href":"http:\/\/www.jasiunupagrindine.salcininkai.lm.lt\/index.php?rest_route=%2Fwp%2Fv2%2Fcategories&post=10719"},{"taxonomy":"post_tag","embeddable":true,"href":"http:\/\/www.jasiunupagrindine.salcininkai.lm.lt\/index.php?rest_route=%2Fwp%2Fv2%2Ftags&post=10719"}],"curies":[{"name":"wp","href":"https:\/\/api.w.org\/{rel}","templated":true}]}}