{"id":10826,"date":"2021-03-17T18:46:45","date_gmt":"2021-03-17T16:46:45","guid":{"rendered":"http:\/\/www.jasiunupagrindine.salcininkai.lm.lt\/?p=10826"},"modified":"2021-03-17T18:46:45","modified_gmt":"2021-03-17T16:46:45","slug":"10826","status":"publish","type":"post","link":"http:\/\/www.jasiunupagrindine.salcininkai.lm.lt\/?p=10826","title":{"rendered":""},"content":{"rendered":"<p style=\"text-align: center;\"><span style=\"font-family: 'times new roman', times, serif;\"><strong>Mokini\u0173 ir mokytoj\u0173 pasiekimai<\/strong><\/span><\/p>\n<p><span style=\"font-family: 'times new roman', times, serif;\">Sveikiname&nbsp; du m\u016bs\u0173 mokyklos mokinius Armand\u0105 Bru\u017einsk\u0105 (5 kl.) ir Maksim\u0105 Macutkevi\u010di\u0173 (10 kl.), kurie laim\u0117jo pie\u0161ini\u0173 konkurse &#8222;Mano Lietuva&#8221;. Armandas laim\u0117jo II viet\u0105, o Maksimas &#8211; III.<\/span><\/p>\n<p><span style=\"font-family: 'times new roman', times, serif;\">Konkurs\u0105 organizavo&nbsp;\u0160al\u010dinink\u0173 rajono kult\u016bros centras.<\/span><\/p>\nngg_shortcode_0_placeholder\n","protected":false},"excerpt":{"rendered":"<p>Mokini\u0173 ir mokytoj\u0173 pasiekimai Sveikiname&nbsp; du m\u016bs\u0173 mokyklos mokinius Armand\u0105 Bru\u017einsk\u0105 (5 kl.) ir Maksim\u0105 Macutkevi\u010di\u0173 (10 kl.), kurie laim\u0117jo pie\u0161ini\u0173 konkurse &#8222;Mano Lietuva&#8221;. Armandas laim\u0117jo II viet\u0105, o Maksimas &#8211; III. Konkurs\u0105 organizavo&nbsp;\u0160al\u010dinink\u0173 rajono kult\u016bros centras.<\/p>\n","protected":false},"author":5,"featured_media":0,"comment_status":"closed","ping_status":"closed","sticky":false,"template":"","format":"standard","meta":{"ngg_post_thumbnail":0,"footnotes":""},"categories":[1],"tags":[],"class_list":["post-10826","post","type-post","status-publish","format-standard","hentry","category-mes-ir-mokykla"],"_links":{"self":[{"href":"http:\/\/www.jasiunupagrindine.salcininkai.lm.lt\/index.php?rest_route=\/wp\/v2\/posts\/10826","targetHints":{"allow":["GET"]}}],"collection":[{"href":"http:\/\/www.jasiunupagrindine.salcininkai.lm.lt\/index.php?rest_route=\/wp\/v2\/posts"}],"about":[{"href":"http:\/\/www.jasiunupagrindine.salcininkai.lm.lt\/index.php?rest_route=\/wp\/v2\/types\/post"}],"author":[{"embeddable":true,"href":"http:\/\/www.jasiunupagrindine.salcininkai.lm.lt\/index.php?rest_route=\/wp\/v2\/users\/5"}],"replies":[{"embeddable":true,"href":"http:\/\/www.jasiunupagrindine.salcininkai.lm.lt\/index.php?rest_route=%2Fwp%2Fv2%2Fcomments&post=10826"}],"version-history":[{"count":1,"href":"http:\/\/www.jasiunupagrindine.salcininkai.lm.lt\/index.php?rest_route=\/wp\/v2\/posts\/10826\/revisions"}],"predecessor-version":[{"id":10827,"href":"http:\/\/www.jasiunupagrindine.salcininkai.lm.lt\/index.php?rest_route=\/wp\/v2\/posts\/10826\/revisions\/10827"}],"wp:attachment":[{"href":"http:\/\/www.jasiunupagrindine.salcininkai.lm.lt\/index.php?rest_route=%2Fwp%2Fv2%2Fmedia&parent=10826"}],"wp:term":[{"taxonomy":"category","embeddable":true,"href":"http:\/\/www.jasiunupagrindine.salcininkai.lm.lt\/index.php?rest_route=%2Fwp%2Fv2%2Fcategories&post=10826"},{"taxonomy":"post_tag","embeddable":true,"href":"http:\/\/www.jasiunupagrindine.salcininkai.lm.lt\/index.php?rest_route=%2Fwp%2Fv2%2Ftags&post=10826"}],"curies":[{"name":"wp","href":"https:\/\/api.w.org\/{rel}","templated":true}]}}