{"id":14927,"date":"2023-01-16T21:09:37","date_gmt":"2023-01-16T19:09:37","guid":{"rendered":"http:\/\/www.jasiunupagrindine.salcininkai.lm.lt\/?p=14927"},"modified":"2023-01-16T21:09:37","modified_gmt":"2023-01-16T19:09:37","slug":"14927","status":"publish","type":"post","link":"http:\/\/www.jasiunupagrindine.salcininkai.lm.lt\/?p=14927","title":{"rendered":""},"content":{"rendered":"<p style=\"text-align: center;\"><span style=\"font-size: 14pt;\"><strong>Laisv\u0117s gyn\u0117j\u0173 dienos min\u0117jimas<\/strong><\/span><\/p>\n<p>M\u016bs\u0173 mokykloje Laisv\u0117s gyn\u0117j\u0173 dienos min\u0117jimas prasid\u0117jo 8.00. U\u017edegdami \u017evakes pagerb\u0117me T\u0117vyni\u0173 Didvyri\u0173 \u0161vies\u0173 atminim\u0105. Mokiniai pareng\u0117 Sausio 13-osios \u012fvyki\u0173 pie\u0161ini\u0173 parod\u0105 bei klaus\u0117si Vilniaus universiteto Istorijos fakulteto d\u0117stytojo dr. Norberto \u010cerniausko nuotolin\u0117s pamokos &#8222;Sausio 13-osios min\u0117jimas Vyriausyb\u0117s r\u016bmuose&#8221;<\/p>\nngg_shortcode_0_placeholder\n","protected":false},"excerpt":{"rendered":"<p>Laisv\u0117s gyn\u0117j\u0173 dienos min\u0117jimas M\u016bs\u0173 mokykloje Laisv\u0117s gyn\u0117j\u0173 dienos min\u0117jimas prasid\u0117jo 8.00. U\u017edegdami \u017evakes pagerb\u0117me T\u0117vyni\u0173 Didvyri\u0173 \u0161vies\u0173 atminim\u0105. Mokiniai pareng\u0117 Sausio 13-osios \u012fvyki\u0173 pie\u0161ini\u0173 parod\u0105 bei klaus\u0117si Vilniaus universiteto Istorijos fakulteto d\u0117stytojo dr. Norberto \u010cerniausko nuotolin\u0117s pamokos &#8222;Sausio 13-osios &hellip; <a href=\"http:\/\/www.jasiunupagrindine.salcininkai.lm.lt\/?p=14927\">Skaitykite toliau <span class=\"meta-nav\">&rarr;<\/span><\/a><\/p>\n","protected":false},"author":6,"featured_media":0,"comment_status":"closed","ping_status":"closed","sticky":false,"template":"","format":"standard","meta":{"ngg_post_thumbnail":0,"footnotes":""},"categories":[1],"tags":[],"class_list":["post-14927","post","type-post","status-publish","format-standard","hentry","category-mes-ir-mokykla"],"_links":{"self":[{"href":"http:\/\/www.jasiunupagrindine.salcininkai.lm.lt\/index.php?rest_route=\/wp\/v2\/posts\/14927","targetHints":{"allow":["GET"]}}],"collection":[{"href":"http:\/\/www.jasiunupagrindine.salcininkai.lm.lt\/index.php?rest_route=\/wp\/v2\/posts"}],"about":[{"href":"http:\/\/www.jasiunupagrindine.salcininkai.lm.lt\/index.php?rest_route=\/wp\/v2\/types\/post"}],"author":[{"embeddable":true,"href":"http:\/\/www.jasiunupagrindine.salcininkai.lm.lt\/index.php?rest_route=\/wp\/v2\/users\/6"}],"replies":[{"embeddable":true,"href":"http:\/\/www.jasiunupagrindine.salcininkai.lm.lt\/index.php?rest_route=%2Fwp%2Fv2%2Fcomments&post=14927"}],"version-history":[{"count":2,"href":"http:\/\/www.jasiunupagrindine.salcininkai.lm.lt\/index.php?rest_route=\/wp\/v2\/posts\/14927\/revisions"}],"predecessor-version":[{"id":14951,"href":"http:\/\/www.jasiunupagrindine.salcininkai.lm.lt\/index.php?rest_route=\/wp\/v2\/posts\/14927\/revisions\/14951"}],"wp:attachment":[{"href":"http:\/\/www.jasiunupagrindine.salcininkai.lm.lt\/index.php?rest_route=%2Fwp%2Fv2%2Fmedia&parent=14927"}],"wp:term":[{"taxonomy":"category","embeddable":true,"href":"http:\/\/www.jasiunupagrindine.salcininkai.lm.lt\/index.php?rest_route=%2Fwp%2Fv2%2Fcategories&post=14927"},{"taxonomy":"post_tag","embeddable":true,"href":"http:\/\/www.jasiunupagrindine.salcininkai.lm.lt\/index.php?rest_route=%2Fwp%2Fv2%2Ftags&post=14927"}],"curies":[{"name":"wp","href":"https:\/\/api.w.org\/{rel}","templated":true}]}}