{"id":15009,"date":"2023-01-22T13:41:12","date_gmt":"2023-01-22T11:41:12","guid":{"rendered":"http:\/\/www.jasiunupagrindine.salcininkai.lm.lt\/?p=15009"},"modified":"2023-01-22T13:41:12","modified_gmt":"2023-01-22T11:41:12","slug":"15009","status":"publish","type":"post","link":"http:\/\/www.jasiunupagrindine.salcininkai.lm.lt\/?p=15009","title":{"rendered":""},"content":{"rendered":"<p style=\"text-align: center;\"><strong>&#8222;Jauki\u0173 nam\u0173&#8221; akcija<\/strong><\/p>\n<div dir=\"auto\">Lapkri\u010dio m\u0117nes\u012f m\u016bs\u0173 mokyklos mokiniai dalyvavo pirmosios \u0161alies ponios Dianos Naus\u0117dien\u0117s paskelbtoje &#8222;Jauki\u0173 nam\u0173&#8221; akcijoje. Atrinkti nameliai keliavo tiesiai \u012f Prezident\u016br\u0105 ir papuo\u0161\u0117 did\u017ei\u0105j\u0105 egl\u0119.<\/div>\n<div dir=\"auto\">Sausio 21 dien\u0105 \u0160al\u010dinink\u0173 rajono savyvaldyb\u0117je m\u016bs\u0173 mokyklai buvo \u012fteikta Dianos Naus\u0117dien\u0117s pad\u0117ka.<\/div>\n<div dir=\"auto\">\nngg_shortcode_0_placeholder\n<\/div>\n","protected":false},"excerpt":{"rendered":"<p>&#8222;Jauki\u0173 nam\u0173&#8221; akcija Lapkri\u010dio m\u0117nes\u012f m\u016bs\u0173 mokyklos mokiniai dalyvavo pirmosios \u0161alies ponios Dianos Naus\u0117dien\u0117s paskelbtoje &#8222;Jauki\u0173 nam\u0173&#8221; akcijoje. Atrinkti nameliai keliavo tiesiai \u012f Prezident\u016br\u0105 ir papuo\u0161\u0117 did\u017ei\u0105j\u0105 egl\u0119. Sausio 21 dien\u0105 \u0160al\u010dinink\u0173 rajono savyvaldyb\u0117je m\u016bs\u0173 mokyklai buvo \u012fteikta Dianos Naus\u0117dien\u0117s &hellip; <a href=\"http:\/\/www.jasiunupagrindine.salcininkai.lm.lt\/?p=15009\">Skaitykite toliau <span class=\"meta-nav\">&rarr;<\/span><\/a><\/p>\n","protected":false},"author":6,"featured_media":0,"comment_status":"closed","ping_status":"closed","sticky":false,"template":"","format":"standard","meta":{"ngg_post_thumbnail":0,"footnotes":""},"categories":[1],"tags":[],"class_list":["post-15009","post","type-post","status-publish","format-standard","hentry","category-mes-ir-mokykla"],"_links":{"self":[{"href":"http:\/\/www.jasiunupagrindine.salcininkai.lm.lt\/index.php?rest_route=\/wp\/v2\/posts\/15009","targetHints":{"allow":["GET"]}}],"collection":[{"href":"http:\/\/www.jasiunupagrindine.salcininkai.lm.lt\/index.php?rest_route=\/wp\/v2\/posts"}],"about":[{"href":"http:\/\/www.jasiunupagrindine.salcininkai.lm.lt\/index.php?rest_route=\/wp\/v2\/types\/post"}],"author":[{"embeddable":true,"href":"http:\/\/www.jasiunupagrindine.salcininkai.lm.lt\/index.php?rest_route=\/wp\/v2\/users\/6"}],"replies":[{"embeddable":true,"href":"http:\/\/www.jasiunupagrindine.salcininkai.lm.lt\/index.php?rest_route=%2Fwp%2Fv2%2Fcomments&post=15009"}],"version-history":[{"count":2,"href":"http:\/\/www.jasiunupagrindine.salcininkai.lm.lt\/index.php?rest_route=\/wp\/v2\/posts\/15009\/revisions"}],"predecessor-version":[{"id":15021,"href":"http:\/\/www.jasiunupagrindine.salcininkai.lm.lt\/index.php?rest_route=\/wp\/v2\/posts\/15009\/revisions\/15021"}],"wp:attachment":[{"href":"http:\/\/www.jasiunupagrindine.salcininkai.lm.lt\/index.php?rest_route=%2Fwp%2Fv2%2Fmedia&parent=15009"}],"wp:term":[{"taxonomy":"category","embeddable":true,"href":"http:\/\/www.jasiunupagrindine.salcininkai.lm.lt\/index.php?rest_route=%2Fwp%2Fv2%2Fcategories&post=15009"},{"taxonomy":"post_tag","embeddable":true,"href":"http:\/\/www.jasiunupagrindine.salcininkai.lm.lt\/index.php?rest_route=%2Fwp%2Fv2%2Ftags&post=15009"}],"curies":[{"name":"wp","href":"https:\/\/api.w.org\/{rel}","templated":true}]}}