{"id":25132,"date":"2026-09-01T17:08:15","date_gmt":"2026-09-01T14:08:15","guid":{"rendered":"http:\/\/www.jasiunupagrindine.salcininkai.lm.lt\/?p=25132"},"modified":"2026-09-01T17:10:43","modified_gmt":"2026-09-01T14:10:43","slug":"mokslo-ir-ziniu-diena-3","status":"publish","type":"post","link":"http:\/\/www.jasiunupagrindine.salcininkai.lm.lt\/?p=25132","title":{"rendered":"Mokslo ir \u017eini\u0173 diena"},"content":{"rendered":"\n<p class=\"PDq2pG_selectionAnchorContainer\" data-start=\"132\" data-end=\"639\"><img loading=\"lazy\" decoding=\"async\" class=\"wp-image-25322 alignleft\" src=\"http:\/\/www.jasiunupagrindine.salcininkai.lm.lt\/wp-content\/uploads\/2026\/09\/2019688a-4aa0-43b4-9b78-fcb4b78398d2-1-e1788271813691-287x300.jpg\" alt=\"\" width=\"203\" height=\"212\" srcset=\"http:\/\/www.jasiunupagrindine.salcininkai.lm.lt\/wp-content\/uploads\/2026\/09\/2019688a-4aa0-43b4-9b78-fcb4b78398d2-1-e1788271813691-287x300.jpg 287w, http:\/\/www.jasiunupagrindine.salcininkai.lm.lt\/wp-content\/uploads\/2026\/09\/2019688a-4aa0-43b4-9b78-fcb4b78398d2-1-e1788271813691-978x1024.jpg 978w, http:\/\/www.jasiunupagrindine.salcininkai.lm.lt\/wp-content\/uploads\/2026\/09\/2019688a-4aa0-43b4-9b78-fcb4b78398d2-1-e1788271813691-768x804.jpg 768w, http:\/\/www.jasiunupagrindine.salcininkai.lm.lt\/wp-content\/uploads\/2026\/09\/2019688a-4aa0-43b4-9b78-fcb4b78398d2-1-e1788271813691-1468x1536.jpg 1468w, http:\/\/www.jasiunupagrindine.salcininkai.lm.lt\/wp-content\/uploads\/2026\/09\/2019688a-4aa0-43b4-9b78-fcb4b78398d2-1-e1788271813691-250x262.jpg 250w, http:\/\/www.jasiunupagrindine.salcininkai.lm.lt\/wp-content\/uploads\/2026\/09\/2019688a-4aa0-43b4-9b78-fcb4b78398d2-1-e1788271813691-550x576.jpg 550w, http:\/\/www.jasiunupagrindine.salcininkai.lm.lt\/wp-content\/uploads\/2026\/09\/2019688a-4aa0-43b4-9b78-fcb4b78398d2-1-e1788271813691-800x837.jpg 800w, http:\/\/www.jasiunupagrindine.salcininkai.lm.lt\/wp-content\/uploads\/2026\/09\/2019688a-4aa0-43b4-9b78-fcb4b78398d2-1-e1788271813691-172x180.jpg 172w, http:\/\/www.jasiunupagrindine.salcininkai.lm.lt\/wp-content\/uploads\/2026\/09\/2019688a-4aa0-43b4-9b78-fcb4b78398d2-1-e1788271813691-478x500.jpg 478w, http:\/\/www.jasiunupagrindine.salcininkai.lm.lt\/wp-content\/uploads\/2026\/09\/2019688a-4aa0-43b4-9b78-fcb4b78398d2-1-e1788271813691.jpg 1526w\" sizes=\"auto, (max-width: 203px) 100vw, 203px\" \/>\u0160iandien m\u016bs\u0173 mokykloje i\u0161kilmingai pamin\u0117ta Mokslo ir \u017eini\u0173 diena \u2013 Rugs\u0117jo 1-oji. \u012e \u0161vent\u0119 susirinko mokiniai, j\u0173 t\u0117vai, mokytojai ir garbingi sve\u010diai:<br data-start=\"285\" data-end=\"288\">G\u017eego\u017e Jurgo \u2013 \u0160al\u010dinink\u0173 rajono savivaldyb\u0117s administracijos direktorius,<br data-start=\"362\" data-end=\"365\">Regina Tetianec \u2013 Ja\u0161i\u016bn\u0173 seni\u016bno pavaduotoja,<br data-start=\"411\" data-end=\"414\">Henrik Toma\u0161evi\u010d \u2013 \u0160al\u010dinink\u0173 rajono savivaldyb\u0117s tarybos narys,<br data-start=\"478\" data-end=\"481\">Irena Bojarun \u2013 \u0160al\u010dinink\u0173 rajono savivaldyb\u0117s Kaimo ir pl\u0117tros bei aplinkos apsaugos komiteto nar\u0117,<\/p>\n<p class=\"PDq2pG_selectionAnchorContainer\" data-start=\"132\" data-end=\"639\">Kristina Marija Slavinska &#8211; \u0160al\u010dinink\u0173 rajono savivaldyb\u0117s tarybos nar\u0117,<br data-start=\"581\" data-end=\"584\">Jaroslav Narkevi\u010d \u2013 Lietuvos Respublikos Seimo narys.<\/p>\n<p data-start=\"641\" data-end=\"825\">Mokyklos direktor\u0117 Ina Kurnickien\u0117 tar\u0117 sveikinimo \u017eod\u012f, link\u0117dama visiems mokiniams smalsumo, atkaklumo siekiant tiksl\u0173, o mokytojams \u2013 k\u016brybi\u0161kumo ir stipryb\u0117s kasdien\u0117je veikloje.<\/p>\n<p data-start=\"827\" data-end=\"1214\">\u0160vent\u0117s metu sve\u010diai sveikino vis\u0105 mokyklos bendruomen\u0119 su naujais mokslo metais, link\u0117jo s\u0117km\u0117s, kantryb\u0117s, \u012fkv\u0117pimo bei produktyvi\u0173 ir prasming\u0173 met\u0173. Ypatingas d\u0117mesys buvo skirtas pirmokams \u2013 jiems link\u0117ta dr\u0105siai \u017eengti pirmuosius \u017eingsnius \u012f \u017eini\u0173 pasaul\u012f. Pirmokai taip pat dr\u0105siai \u017eeng\u0117 \u012f scen\u0105 \u2013 jie deklamavo savo pirmuosius eil\u0117ra\u0161\u010dius ir tar\u0117 pirmuosius sveikinimo \u017eod\u017eius.<\/p>\n<p data-start=\"1216\" data-end=\"1293\">\u0160vent\u0117 buvo kupina ger\u0173 emocij\u0173, \u0161ypsen\u0173 ir viltingos naujos prad\u017eios jausmo.<\/p>\nngg_shortcode_0_placeholder\n","protected":false},"excerpt":{"rendered":"<p>\u0160iandien m\u016bs\u0173 mokykloje i\u0161kilmingai pamin\u0117ta Mokslo ir \u017eini\u0173 diena \u2013 Rugs\u0117jo 1-oji. \u012e \u0161vent\u0119 susirinko mokiniai, j\u0173 t\u0117vai, mokytojai ir garbingi sve\u010diai:G\u017eego\u017e Jurgo \u2013 \u0160al\u010dinink\u0173 rajono savivaldyb\u0117s administracijos direktorius,Regina Tetianec \u2013 Ja\u0161i\u016bn\u0173 seni\u016bno pavaduotoja,Henrik Toma\u0161evi\u010d \u2013 \u0160al\u010dinink\u0173 rajono savivaldyb\u0117s tarybos &hellip; <a href=\"http:\/\/www.jasiunupagrindine.salcininkai.lm.lt\/?p=25132\">Skaitykite toliau <span class=\"meta-nav\">&rarr;<\/span><\/a><\/p>\n","protected":false},"author":6,"featured_media":0,"comment_status":"open","ping_status":"open","sticky":false,"template":"","format":"standard","meta":{"ngg_post_thumbnail":0,"footnotes":""},"categories":[1],"tags":[],"class_list":["post-25132","post","type-post","status-publish","format-standard","hentry","category-mes-ir-mokykla"],"_links":{"self":[{"href":"http:\/\/www.jasiunupagrindine.salcininkai.lm.lt\/index.php?rest_route=\/wp\/v2\/posts\/25132","targetHints":{"allow":["GET"]}}],"collection":[{"href":"http:\/\/www.jasiunupagrindine.salcininkai.lm.lt\/index.php?rest_route=\/wp\/v2\/posts"}],"about":[{"href":"http:\/\/www.jasiunupagrindine.salcininkai.lm.lt\/index.php?rest_route=\/wp\/v2\/types\/post"}],"author":[{"embeddable":true,"href":"http:\/\/www.jasiunupagrindine.salcininkai.lm.lt\/index.php?rest_route=\/wp\/v2\/users\/6"}],"replies":[{"embeddable":true,"href":"http:\/\/www.jasiunupagrindine.salcininkai.lm.lt\/index.php?rest_route=%2Fwp%2Fv2%2Fcomments&post=25132"}],"version-history":[{"count":5,"href":"http:\/\/www.jasiunupagrindine.salcininkai.lm.lt\/index.php?rest_route=\/wp\/v2\/posts\/25132\/revisions"}],"predecessor-version":[{"id":25323,"href":"http:\/\/www.jasiunupagrindine.salcininkai.lm.lt\/index.php?rest_route=\/wp\/v2\/posts\/25132\/revisions\/25323"}],"wp:attachment":[{"href":"http:\/\/www.jasiunupagrindine.salcininkai.lm.lt\/index.php?rest_route=%2Fwp%2Fv2%2Fmedia&parent=25132"}],"wp:term":[{"taxonomy":"category","embeddable":true,"href":"http:\/\/www.jasiunupagrindine.salcininkai.lm.lt\/index.php?rest_route=%2Fwp%2Fv2%2Fcategories&post=25132"},{"taxonomy":"post_tag","embeddable":true,"href":"http:\/\/www.jasiunupagrindine.salcininkai.lm.lt\/index.php?rest_route=%2Fwp%2Fv2%2Ftags&post=25132"}],"curies":[{"name":"wp","href":"https:\/\/api.w.org\/{rel}","templated":true}]}}