{"id":9676,"date":"2020-10-22T20:31:28","date_gmt":"2020-10-22T17:31:28","guid":{"rendered":"http:\/\/www.jasiunupagrindine.salcininkai.lm.lt\/?p=9676"},"modified":"2020-10-22T20:31:28","modified_gmt":"2020-10-22T17:31:28","slug":"9676","status":"publish","type":"post","link":"http:\/\/www.jasiunupagrindine.salcininkai.lm.lt\/?p=9676","title":{"rendered":""},"content":{"rendered":"<p style=\"text-align: center;\"><strong><span style=\"font-family: 'times new roman', times, serif; font-size: 12pt;\">Ruden\u0117lio \u0161vent\u0117<\/span><\/strong><\/p>\n<p style=\"text-align: justify;\"><span style=\"font-family: 'times new roman', times, serif; font-size: 12pt;\">Ruduo \u2013 tai gra\u017eus met\u0173 laikas, kai gamta nuda\u017eo \u017eem\u0117s paklot\u0105 \u012fvairiausiomis spalvomis, kai m\u016bs\u0173 sodai atiduoda sunokusius vaisius ir dar\u017eoves. Tai metas, kai pasitelkus savo fantazij\u0105, galima sukurti \u017eavingiausias rudenines puok\u0161tes, kompozicijas, kartu su \u0161eimos nariais praleisti k\u016brybi\u0161kai vakarus.&nbsp;<\/span><\/p>\n<p><span style=\"font-family: 'times new roman', times, serif; font-size: 16px; text-align: justify;\">U\u017e lango lietinga ir v\u0117su, o mokyklos koridoriuje net akys raibsta nuo kompozicij\u0173 i\u0161 dar\u017eovi\u0173, vaisi\u0173 ir kit\u0173 g\u0117rybi\u0173, kurias mokiniai padar\u0117 kartu su t\u0117veliais. B<\/span><span style=\"font-family: 'times new roman', times, serif; font-size: 12pt;\">\u016btent taip \u0161iais mokslo metais m\u016bs\u0173 mokyklos 1-4 klasi\u0173 mokiniai&nbsp;<\/span><span style=\"font-family: 'times new roman', times, serif; font-size: 16px;\">organizavo&nbsp;<\/span><span style=\"font-family: 'times new roman', times, serif; font-size: 12pt;\">tradicin\u0119 ruden\u0117lio \u0161vent\u0119.<\/span><\/p>\n<p><span style=\"font-family: 'times new roman', times, serif; font-size: 12pt;\">D\u0117kojame mokiniams ir j\u0173 t\u0117veliams u\u017e k\u016brybi\u0161kus darbelius ir&nbsp; dalyvavim\u0105 parodoje.<\/span><\/p>\n<p style=\"text-align: right;\"><span style=\"font-family: 'times new roman', times, serif; font-size: 12pt;\">Pradini\u0173 klasi\u0173 mokytoja A. \u0160eviakova<\/span><\/p>\nngg_shortcode_0_placeholder\n","protected":false},"excerpt":{"rendered":"<p>Ruden\u0117lio \u0161vent\u0117 Ruduo \u2013 tai gra\u017eus met\u0173 laikas, kai gamta nuda\u017eo \u017eem\u0117s paklot\u0105 \u012fvairiausiomis spalvomis, kai m\u016bs\u0173 sodai atiduoda sunokusius vaisius ir dar\u017eoves. Tai metas, kai pasitelkus savo fantazij\u0105, galima sukurti \u017eavingiausias rudenines puok\u0161tes, kompozicijas, kartu su \u0161eimos nariais praleisti &hellip; <a href=\"http:\/\/www.jasiunupagrindine.salcininkai.lm.lt\/?p=9676\">Skaitykite toliau <span class=\"meta-nav\">&rarr;<\/span><\/a><\/p>\n","protected":false},"author":5,"featured_media":0,"comment_status":"closed","ping_status":"closed","sticky":false,"template":"","format":"standard","meta":{"ngg_post_thumbnail":0,"footnotes":""},"categories":[1],"tags":[],"class_list":["post-9676","post","type-post","status-publish","format-standard","hentry","category-mes-ir-mokykla"],"_links":{"self":[{"href":"http:\/\/www.jasiunupagrindine.salcininkai.lm.lt\/index.php?rest_route=\/wp\/v2\/posts\/9676","targetHints":{"allow":["GET"]}}],"collection":[{"href":"http:\/\/www.jasiunupagrindine.salcininkai.lm.lt\/index.php?rest_route=\/wp\/v2\/posts"}],"about":[{"href":"http:\/\/www.jasiunupagrindine.salcininkai.lm.lt\/index.php?rest_route=\/wp\/v2\/types\/post"}],"author":[{"embeddable":true,"href":"http:\/\/www.jasiunupagrindine.salcininkai.lm.lt\/index.php?rest_route=\/wp\/v2\/users\/5"}],"replies":[{"embeddable":true,"href":"http:\/\/www.jasiunupagrindine.salcininkai.lm.lt\/index.php?rest_route=%2Fwp%2Fv2%2Fcomments&post=9676"}],"version-history":[{"count":1,"href":"http:\/\/www.jasiunupagrindine.salcininkai.lm.lt\/index.php?rest_route=\/wp\/v2\/posts\/9676\/revisions"}],"predecessor-version":[{"id":9677,"href":"http:\/\/www.jasiunupagrindine.salcininkai.lm.lt\/index.php?rest_route=\/wp\/v2\/posts\/9676\/revisions\/9677"}],"wp:attachment":[{"href":"http:\/\/www.jasiunupagrindine.salcininkai.lm.lt\/index.php?rest_route=%2Fwp%2Fv2%2Fmedia&parent=9676"}],"wp:term":[{"taxonomy":"category","embeddable":true,"href":"http:\/\/www.jasiunupagrindine.salcininkai.lm.lt\/index.php?rest_route=%2Fwp%2Fv2%2Fcategories&post=9676"},{"taxonomy":"post_tag","embeddable":true,"href":"http:\/\/www.jasiunupagrindine.salcininkai.lm.lt\/index.php?rest_route=%2Fwp%2Fv2%2Ftags&post=9676"}],"curies":[{"name":"wp","href":"https:\/\/api.w.org\/{rel}","templated":true}]}}