{"id":9760,"date":"2020-10-23T16:58:19","date_gmt":"2020-10-23T13:58:19","guid":{"rendered":"http:\/\/www.jasiunupagrindine.salcininkai.lm.lt\/?p=9760"},"modified":"2020-10-23T17:06:12","modified_gmt":"2020-10-23T14:06:12","slug":"9760","status":"publish","type":"post","link":"http:\/\/www.jasiunupagrindine.salcininkai.lm.lt\/?p=9760","title":{"rendered":""},"content":{"rendered":"<p style=\"text-align: center;\"><strong><span style=\"font-family: 'times new roman', times, serif; font-size: 12pt;\">Tarptautin\u0117 Duonos diena<\/span><\/strong><\/p>\n<p style=\"text-align: justify;\"><span style=\"font-family: 'times new roman', times, serif; font-size: 12pt;\">Spalio 16 d. 2 klas\u0117s mokiniai kartu su savo aukl\u0117toja min\u0117jo tarptautin\u0119 Duonos dien\u0105. Mokiniai dalyvavo edukacin\u0117je pamok\u0117l\u0117je &#8222;Duonos kelias&#8221;, kuri vyko Baltosios Vok\u0117s pramog\u0173 centre. U\u017esi\u0117mim\u0105 ved\u0117 Ana Voroneckaja.<\/span><\/p>\n<p style=\"text-align: justify;\"><span style=\"font-family: 'times new roman', times, serif; font-size: 12pt;\">U\u017esi\u0117mimas prasid\u0117jo nuo mokomojo filmuko &#8222;Stebuklingas mal\u016bnas&#8221; . V\u0117liau mokiniai ie\u0161kojo gr\u016bdeli\u0173 varpose, band\u0117 su akmenukais juos i\u0161luk\u0161tenti. Tai nebuvo lengva. tod\u0117l vaikai nukeliavo \u012f muziej\u0173, kur susipa\u017eino su \u012frankiais, kuriais senov\u0117je \u017emon\u0117s i\u0161gaudavo miltus.<\/span><\/p>\n<p style=\"text-align: justify;\"><span style=\"font-family: 'times new roman', times, serif; font-size: 12pt;\">U\u017esi\u0117mimo metu vaikai su\u017einojo, koki\u0173 produkt\u0173 reikia duonai i\u0161kepti. Suprato, koks yra ilgas ir sunkus kelias nuo gr\u016bdelio iki duonos.<\/span><\/p>\n<p style=\"text-align: justify;\"><span style=\"font-family: 'times new roman', times, serif; font-size: 12pt;\">Edukacin\u0117s pamok\u0117l\u0117s pabaigoje ragavome \u0161vie\u017eiai kept\u0105 duon\u0105 su arbata. Tuo pamoka nesibaig\u0117, gr\u012f\u017eus namo, vaikai tur\u0117jo kartu su savo t\u0117veliais i\u0161kepti obuoli\u0173 pyrag\u0105 arba \u0161vie\u017ei\u0105 duon\u0105.&nbsp;<\/span><\/p>\n<p style=\"text-align: right;\"><span style=\"font-family: 'times new roman', times, serif; font-size: 12pt;\">2 klas\u0117s aukl\u0117toja S. Korot\u010denko<\/span><\/p>\nngg_shortcode_0_placeholder\n","protected":false},"excerpt":{"rendered":"<p>Tarptautin\u0117 Duonos diena Spalio 16 d. 2 klas\u0117s mokiniai kartu su savo aukl\u0117toja min\u0117jo tarptautin\u0119 Duonos dien\u0105. Mokiniai dalyvavo edukacin\u0117je pamok\u0117l\u0117je &#8222;Duonos kelias&#8221;, kuri vyko Baltosios Vok\u0117s pramog\u0173 centre. U\u017esi\u0117mim\u0105 ved\u0117 Ana Voroneckaja. U\u017esi\u0117mimas prasid\u0117jo nuo mokomojo filmuko &#8222;Stebuklingas mal\u016bnas&#8221; &hellip; <a href=\"http:\/\/www.jasiunupagrindine.salcininkai.lm.lt\/?p=9760\">Skaitykite toliau <span class=\"meta-nav\">&rarr;<\/span><\/a><\/p>\n","protected":false},"author":5,"featured_media":0,"comment_status":"closed","ping_status":"closed","sticky":false,"template":"","format":"standard","meta":{"ngg_post_thumbnail":0,"footnotes":""},"categories":[1],"tags":[],"class_list":["post-9760","post","type-post","status-publish","format-standard","hentry","category-mes-ir-mokykla"],"_links":{"self":[{"href":"http:\/\/www.jasiunupagrindine.salcininkai.lm.lt\/index.php?rest_route=\/wp\/v2\/posts\/9760","targetHints":{"allow":["GET"]}}],"collection":[{"href":"http:\/\/www.jasiunupagrindine.salcininkai.lm.lt\/index.php?rest_route=\/wp\/v2\/posts"}],"about":[{"href":"http:\/\/www.jasiunupagrindine.salcininkai.lm.lt\/index.php?rest_route=\/wp\/v2\/types\/post"}],"author":[{"embeddable":true,"href":"http:\/\/www.jasiunupagrindine.salcininkai.lm.lt\/index.php?rest_route=\/wp\/v2\/users\/5"}],"replies":[{"embeddable":true,"href":"http:\/\/www.jasiunupagrindine.salcininkai.lm.lt\/index.php?rest_route=%2Fwp%2Fv2%2Fcomments&post=9760"}],"version-history":[{"count":2,"href":"http:\/\/www.jasiunupagrindine.salcininkai.lm.lt\/index.php?rest_route=\/wp\/v2\/posts\/9760\/revisions"}],"predecessor-version":[{"id":9762,"href":"http:\/\/www.jasiunupagrindine.salcininkai.lm.lt\/index.php?rest_route=\/wp\/v2\/posts\/9760\/revisions\/9762"}],"wp:attachment":[{"href":"http:\/\/www.jasiunupagrindine.salcininkai.lm.lt\/index.php?rest_route=%2Fwp%2Fv2%2Fmedia&parent=9760"}],"wp:term":[{"taxonomy":"category","embeddable":true,"href":"http:\/\/www.jasiunupagrindine.salcininkai.lm.lt\/index.php?rest_route=%2Fwp%2Fv2%2Fcategories&post=9760"},{"taxonomy":"post_tag","embeddable":true,"href":"http:\/\/www.jasiunupagrindine.salcininkai.lm.lt\/index.php?rest_route=%2Fwp%2Fv2%2Ftags&post=9760"}],"curies":[{"name":"wp","href":"https:\/\/api.w.org\/{rel}","templated":true}]}}