{"id":9763,"date":"2020-10-23T17:25:30","date_gmt":"2020-10-23T14:25:30","guid":{"rendered":"http:\/\/www.jasiunupagrindine.salcininkai.lm.lt\/?p=9763"},"modified":"2020-10-23T17:33:25","modified_gmt":"2020-10-23T14:33:25","slug":"9763","status":"publish","type":"post","link":"http:\/\/www.jasiunupagrindine.salcininkai.lm.lt\/?p=9763","title":{"rendered":""},"content":{"rendered":"<p style=\"text-align: center;\"><strong><span style=\"font-family: 'times new roman', times, serif; font-size: 12pt;\">Ruden\u0117lio \u0161vent\u0117 prie\u0161mokyklin\u0117je grup\u0117je<\/span><\/strong><\/p>\n<p style=\"text-align: justify;\"><span style=\"font-family: 'times new roman', times, serif; font-size: 12pt;\">Vis\u0105 m\u0117nes\u012f prie\u0161mokyklin\u0117s grup\u0117s vaikai ruo\u0161\u0117si ruden\u0117lio \u0161ventei. Vaikai mok\u0117si eil\u0117ra\u0161\u010di\u0173, daineli\u0173, pie\u0161\u0117, lipd\u0117, klijavo. Kadangi gyvai pademonstruoti savo nauj\u0173 geb\u0117jim\u0173 netur\u0117jo galimybi\u0173,&nbsp; &nbsp;spalio 23 d.&nbsp; nuostabi\u0105 rudens \u0161vent\u0119 min\u0117jo savo klas\u0117je deklamuodami eil\u0117ra\u0161tukus, dainuodami daineles. O savo artimuosius prad\u017eiugino vaizdo \u012fra\u0161ais bei nuotraukomis.<\/span><\/p>\n<p style=\"text-align: right;\"><span style=\"font-family: 'times new roman', times, serif; font-size: 12pt;\">Prie\u0161mokyklin\u0117s grup\u0117s aukl\u0117toja N. Bogdanova<\/span><\/p>\nngg_shortcode_0_placeholder\n<div style=\"width: 640px;\" class=\"wp-video\"><!--[if lt IE 9]><script>document.createElement('video');<\/script><![endif]-->\n<video class=\"wp-video-shortcode\" id=\"video-9763-1\" width=\"640\" height=\"1138\" preload=\"metadata\" controls=\"controls\"><source type=\"video\/mp4\" src=\"http:\/\/www.jasiunupagrindine.salcininkai.lm.lt\/wp-content\/uploads\/2020\/10\/MovaviClips_Video_1.mp4?_=1\" \/><a href=\"http:\/\/www.jasiunupagrindine.salcininkai.lm.lt\/wp-content\/uploads\/2020\/10\/MovaviClips_Video_1.mp4\">http:\/\/www.jasiunupagrindine.salcininkai.lm.lt\/wp-content\/uploads\/2020\/10\/MovaviClips_Video_1.mp4<\/a><\/video><\/div>\n","protected":false},"excerpt":{"rendered":"<p>Ruden\u0117lio \u0161vent\u0117 prie\u0161mokyklin\u0117je grup\u0117je Vis\u0105 m\u0117nes\u012f prie\u0161mokyklin\u0117s grup\u0117s vaikai ruo\u0161\u0117si ruden\u0117lio \u0161ventei. Vaikai mok\u0117si eil\u0117ra\u0161\u010di\u0173, daineli\u0173, pie\u0161\u0117, lipd\u0117, klijavo. Kadangi gyvai pademonstruoti savo nauj\u0173 geb\u0117jim\u0173 netur\u0117jo galimybi\u0173,&nbsp; &nbsp;spalio 23 d.&nbsp; nuostabi\u0105 rudens \u0161vent\u0119 min\u0117jo savo klas\u0117je deklamuodami eil\u0117ra\u0161tukus, dainuodami daineles. &hellip; <a href=\"http:\/\/www.jasiunupagrindine.salcininkai.lm.lt\/?p=9763\">Skaitykite toliau <span class=\"meta-nav\">&rarr;<\/span><\/a><\/p>\n","protected":false},"author":5,"featured_media":0,"comment_status":"closed","ping_status":"closed","sticky":false,"template":"","format":"standard","meta":{"ngg_post_thumbnail":0,"footnotes":""},"categories":[1],"tags":[],"class_list":["post-9763","post","type-post","status-publish","format-standard","hentry","category-mes-ir-mokykla"],"_links":{"self":[{"href":"http:\/\/www.jasiunupagrindine.salcininkai.lm.lt\/index.php?rest_route=\/wp\/v2\/posts\/9763","targetHints":{"allow":["GET"]}}],"collection":[{"href":"http:\/\/www.jasiunupagrindine.salcininkai.lm.lt\/index.php?rest_route=\/wp\/v2\/posts"}],"about":[{"href":"http:\/\/www.jasiunupagrindine.salcininkai.lm.lt\/index.php?rest_route=\/wp\/v2\/types\/post"}],"author":[{"embeddable":true,"href":"http:\/\/www.jasiunupagrindine.salcininkai.lm.lt\/index.php?rest_route=\/wp\/v2\/users\/5"}],"replies":[{"embeddable":true,"href":"http:\/\/www.jasiunupagrindine.salcininkai.lm.lt\/index.php?rest_route=%2Fwp%2Fv2%2Fcomments&post=9763"}],"version-history":[{"count":2,"href":"http:\/\/www.jasiunupagrindine.salcininkai.lm.lt\/index.php?rest_route=\/wp\/v2\/posts\/9763\/revisions"}],"predecessor-version":[{"id":9765,"href":"http:\/\/www.jasiunupagrindine.salcininkai.lm.lt\/index.php?rest_route=\/wp\/v2\/posts\/9763\/revisions\/9765"}],"wp:attachment":[{"href":"http:\/\/www.jasiunupagrindine.salcininkai.lm.lt\/index.php?rest_route=%2Fwp%2Fv2%2Fmedia&parent=9763"}],"wp:term":[{"taxonomy":"category","embeddable":true,"href":"http:\/\/www.jasiunupagrindine.salcininkai.lm.lt\/index.php?rest_route=%2Fwp%2Fv2%2Fcategories&post=9763"},{"taxonomy":"post_tag","embeddable":true,"href":"http:\/\/www.jasiunupagrindine.salcininkai.lm.lt\/index.php?rest_route=%2Fwp%2Fv2%2Ftags&post=9763"}],"curies":[{"name":"wp","href":"https:\/\/api.w.org\/{rel}","templated":true}]}}