{"id":9773,"date":"2020-10-23T20:07:25","date_gmt":"2020-10-23T17:07:25","guid":{"rendered":"http:\/\/www.jasiunupagrindine.salcininkai.lm.lt\/?p=9773"},"modified":"2020-10-23T20:09:09","modified_gmt":"2020-10-23T17:09:09","slug":"9773","status":"publish","type":"post","link":"http:\/\/www.jasiunupagrindine.salcininkai.lm.lt\/?p=9773","title":{"rendered":""},"content":{"rendered":"<p style=\"text-align: center;\"><span style=\"font-family: 'times new roman', times, serif; font-size: 12pt;\"><strong>Atmintis \u2013 dovana tiems, kurie jau i\u0161\u0117jo&nbsp; &nbsp;&nbsp;<\/strong><\/span><\/p>\n<p style=\"text-align: justify;\"><span style=\"font-family: 'times new roman', times, serif; font-size: 12pt;\">Spalio 23 d. 10 klas\u0117s mokiniai kartu su istorijos mokytoja T. Voitukovi\u010d ir viena i\u0161 mokini\u0173 mama A. \u0160eviakova aplank\u0117 buvusi\u0173 m\u016bs\u0173 mokyklos mokytoj\u0173 kapus. Mokiniai ne tik sutvark\u0117 kapus ir u\u017edeg\u0117 \u017evakes, bet ir susipa\u017eino su buvusi\u0173 mokytoj\u0173 gyvenimais, apie juos papasakojo mokytoja T. Voitukovi\u010d, kuri kartu dirbo arba buvo j\u0173 mokine.<\/span><\/p>\n<p style=\"text-align: justify;\"><span style=\"font-family: 'times new roman', times, serif; font-size: 12pt;\">Nuo\u0161ird\u017eiai d\u0117kojame mokiniams ir j\u0173 t\u0117vams, kurie prisid\u0117jo prie \u0161ios akcijos \u012fgyvendinimo.<\/span><\/p>\n<p style=\"text-align: right;\"><span style=\"font-family: 'times new roman', times, serif; font-size: 12pt;\">Istorijos mokytoja T. Voitukovi\u010d<\/span><\/p>\nngg_shortcode_0_placeholder\n","protected":false},"excerpt":{"rendered":"<p>Atmintis \u2013 dovana tiems, kurie jau i\u0161\u0117jo&nbsp; &nbsp;&nbsp; Spalio 23 d. 10 klas\u0117s mokiniai kartu su istorijos mokytoja T. Voitukovi\u010d ir viena i\u0161 mokini\u0173 mama A. \u0160eviakova aplank\u0117 buvusi\u0173 m\u016bs\u0173 mokyklos mokytoj\u0173 kapus. Mokiniai ne tik sutvark\u0117 kapus ir u\u017edeg\u0117 &hellip; <a href=\"http:\/\/www.jasiunupagrindine.salcininkai.lm.lt\/?p=9773\">Skaitykite toliau <span class=\"meta-nav\">&rarr;<\/span><\/a><\/p>\n","protected":false},"author":5,"featured_media":0,"comment_status":"closed","ping_status":"closed","sticky":false,"template":"","format":"standard","meta":{"ngg_post_thumbnail":0,"footnotes":""},"categories":[1],"tags":[],"class_list":["post-9773","post","type-post","status-publish","format-standard","hentry","category-mes-ir-mokykla"],"_links":{"self":[{"href":"http:\/\/www.jasiunupagrindine.salcininkai.lm.lt\/index.php?rest_route=\/wp\/v2\/posts\/9773","targetHints":{"allow":["GET"]}}],"collection":[{"href":"http:\/\/www.jasiunupagrindine.salcininkai.lm.lt\/index.php?rest_route=\/wp\/v2\/posts"}],"about":[{"href":"http:\/\/www.jasiunupagrindine.salcininkai.lm.lt\/index.php?rest_route=\/wp\/v2\/types\/post"}],"author":[{"embeddable":true,"href":"http:\/\/www.jasiunupagrindine.salcininkai.lm.lt\/index.php?rest_route=\/wp\/v2\/users\/5"}],"replies":[{"embeddable":true,"href":"http:\/\/www.jasiunupagrindine.salcininkai.lm.lt\/index.php?rest_route=%2Fwp%2Fv2%2Fcomments&post=9773"}],"version-history":[{"count":2,"href":"http:\/\/www.jasiunupagrindine.salcininkai.lm.lt\/index.php?rest_route=\/wp\/v2\/posts\/9773\/revisions"}],"predecessor-version":[{"id":9781,"href":"http:\/\/www.jasiunupagrindine.salcininkai.lm.lt\/index.php?rest_route=\/wp\/v2\/posts\/9773\/revisions\/9781"}],"wp:attachment":[{"href":"http:\/\/www.jasiunupagrindine.salcininkai.lm.lt\/index.php?rest_route=%2Fwp%2Fv2%2Fmedia&parent=9773"}],"wp:term":[{"taxonomy":"category","embeddable":true,"href":"http:\/\/www.jasiunupagrindine.salcininkai.lm.lt\/index.php?rest_route=%2Fwp%2Fv2%2Fcategories&post=9773"},{"taxonomy":"post_tag","embeddable":true,"href":"http:\/\/www.jasiunupagrindine.salcininkai.lm.lt\/index.php?rest_route=%2Fwp%2Fv2%2Ftags&post=9773"}],"curies":[{"name":"wp","href":"https:\/\/api.w.org\/{rel}","templated":true}]}}