{"id":9787,"date":"2020-10-27T14:23:54","date_gmt":"2020-10-27T12:23:54","guid":{"rendered":"http:\/\/www.jasiunupagrindine.salcininkai.lm.lt\/?p=9787"},"modified":"2020-10-27T14:26:39","modified_gmt":"2020-10-27T12:26:39","slug":"9787","status":"publish","type":"post","link":"http:\/\/www.jasiunupagrindine.salcininkai.lm.lt\/?p=9787","title":{"rendered":""},"content":{"rendered":"<p style=\"text-align: center;\"><strong><span style=\"font-family: 'times new roman', times, serif; font-size: 12pt;\">Pirmok\u0173 krik\u0161tynos&nbsp;<\/span><\/strong><\/p>\n<p style=\"text-align: justify;\"><span style=\"font-family: 'times new roman', times, serif; font-size: 12pt;\">M\u016bs\u0173 mokyklos pirmokai susipa\u017eino su raidel\u0117mis, ra\u0161o pirmuosius diktantus, perskaito ne tik \u017eodelius, bet ir sakinius, sugeba i\u0161spr\u0119sti&nbsp; pakankamai sud\u0117tingus u\u017edavinius. Tod\u0117l nutarta pirmos klas\u0117s mokinius prie\u0161 rudens atostogas \u201epakrik\u0161tyti\u201c.<\/span><\/p>\n<p style=\"text-align: justify;\"><span style=\"font-family: 'times new roman', times, serif; font-size: 12pt;\">Spalio 23 dien\u0105 \u012fvyko pirmok\u0173 krik\u0161tynos. Paruo\u0161ti \u0161i\u0105 \u0161vent\u0119 pad\u0117jo 5 klas\u0117s mokiniai su aukl\u0117toja. Pirmokai labai lauk\u0117 \u0161ios dienos, \u017einojo, kad gaus daug \u012fdomi\u0173 u\u017eduo\u010di\u0173, kurias tur\u0117s i\u0161spr\u0119sti.<\/span><\/p>\n<p style=\"text-align: justify;\"><span style=\"font-family: 'times new roman', times, serif; font-size: 12pt;\">I\u0161 ryto mokiniai gavo lai\u0161k\u0105 i\u0161 \u017dini\u0173 \u0161alies, kur\u012f para\u0161\u0117 profesorius Raidynas. Vaikai traukinuku keliavo nuo stotel\u0117s iki stotel\u0117s, kur j\u0173 lauk\u0117 vis naujos u\u017eduotys (rus\u0173 kalbos, matematikos ir t.t.). Paskutin\u0117 stotel\u0117 buvo muzikin\u0117.<\/span><\/p>\n<p style=\"text-align: justify;\"><span style=\"font-family: 'times new roman', times, serif; font-size: 12pt;\">Pirmokai s\u0117kmingai atliko visas u\u017eduotis ir galiausiai tapo mokiniais. Juos pasveikino mokyklos administracija ir \u012fteik\u0117 dovan\u0117les.&nbsp;<\/span><\/p>\n<p style=\"text-align: justify;\"><span style=\"font-family: 'times new roman', times, serif; font-size: 12pt;\">Nors t\u0117veliai negal\u0117jo gyvai matyti savo vaik\u0173 pasirodymo, gal\u0117s pasid\u017eiaugti \u0161vent\u0117s vaizdo \u012fra\u0161u, kur vaikai t\u0117veliams skyr\u0117 dain\u0105 ir \u0161ok\u012f. T\u0117veliai nud\u017eiugino vaikus dovan\u0117l\u0117mis ir tortu.<\/span><\/p>\n<p style=\"text-align: right;\"><span style=\"font-family: 'times new roman', times, serif; font-size: 12pt;\">Pradini\u0173 klasi\u0173 mokytoja I. Saulien\u0117<\/span><\/p>\nngg_shortcode_0_placeholder\n<p>&nbsp;<\/p>\n<p>&nbsp;<\/p>\n","protected":false},"excerpt":{"rendered":"<p>Pirmok\u0173 krik\u0161tynos&nbsp; M\u016bs\u0173 mokyklos pirmokai susipa\u017eino su raidel\u0117mis, ra\u0161o pirmuosius diktantus, perskaito ne tik \u017eodelius, bet ir sakinius, sugeba i\u0161spr\u0119sti&nbsp; pakankamai sud\u0117tingus u\u017edavinius. Tod\u0117l nutarta pirmos klas\u0117s mokinius prie\u0161 rudens atostogas \u201epakrik\u0161tyti\u201c. Spalio 23 dien\u0105 \u012fvyko pirmok\u0173 krik\u0161tynos. Paruo\u0161ti \u0161i\u0105 &hellip; <a href=\"http:\/\/www.jasiunupagrindine.salcininkai.lm.lt\/?p=9787\">Skaitykite toliau <span class=\"meta-nav\">&rarr;<\/span><\/a><\/p>\n","protected":false},"author":5,"featured_media":0,"comment_status":"closed","ping_status":"closed","sticky":false,"template":"","format":"standard","meta":{"ngg_post_thumbnail":0,"footnotes":""},"categories":[1],"tags":[],"class_list":["post-9787","post","type-post","status-publish","format-standard","hentry","category-mes-ir-mokykla"],"_links":{"self":[{"href":"http:\/\/www.jasiunupagrindine.salcininkai.lm.lt\/index.php?rest_route=\/wp\/v2\/posts\/9787","targetHints":{"allow":["GET"]}}],"collection":[{"href":"http:\/\/www.jasiunupagrindine.salcininkai.lm.lt\/index.php?rest_route=\/wp\/v2\/posts"}],"about":[{"href":"http:\/\/www.jasiunupagrindine.salcininkai.lm.lt\/index.php?rest_route=\/wp\/v2\/types\/post"}],"author":[{"embeddable":true,"href":"http:\/\/www.jasiunupagrindine.salcininkai.lm.lt\/index.php?rest_route=\/wp\/v2\/users\/5"}],"replies":[{"embeddable":true,"href":"http:\/\/www.jasiunupagrindine.salcininkai.lm.lt\/index.php?rest_route=%2Fwp%2Fv2%2Fcomments&post=9787"}],"version-history":[{"count":4,"href":"http:\/\/www.jasiunupagrindine.salcininkai.lm.lt\/index.php?rest_route=\/wp\/v2\/posts\/9787\/revisions"}],"predecessor-version":[{"id":9795,"href":"http:\/\/www.jasiunupagrindine.salcininkai.lm.lt\/index.php?rest_route=\/wp\/v2\/posts\/9787\/revisions\/9795"}],"wp:attachment":[{"href":"http:\/\/www.jasiunupagrindine.salcininkai.lm.lt\/index.php?rest_route=%2Fwp%2Fv2%2Fmedia&parent=9787"}],"wp:term":[{"taxonomy":"category","embeddable":true,"href":"http:\/\/www.jasiunupagrindine.salcininkai.lm.lt\/index.php?rest_route=%2Fwp%2Fv2%2Fcategories&post=9787"},{"taxonomy":"post_tag","embeddable":true,"href":"http:\/\/www.jasiunupagrindine.salcininkai.lm.lt\/index.php?rest_route=%2Fwp%2Fv2%2Ftags&post=9787"}],"curies":[{"name":"wp","href":"https:\/\/api.w.org\/{rel}","templated":true}]}}